[{"@context":"https:\/\/schema.org\/","@type":"Article","@id":"https:\/\/www.compresspr.cz\/vryjte-se-do-pameti-svym-zakaznikum\/#Article","mainEntityOfPage":"https:\/\/www.compresspr.cz\/vryjte-se-do-pameti-svym-zakaznikum\/","headline":"Vryjte se do pam\u011bti sv\u00fdm z\u00e1kazn\u00edk\u016fm","name":"Vryjte se do pam\u011bti sv\u00fdm z\u00e1kazn\u00edk\u016fm","description":"Je \u00fapln\u011b jedno, zdali jste mal\u00ed podnikatel\u00e9 nebo ji\u017e velk\u00e1 rozjet\u00e1 firma. Pokud chcete b\u00fdt profesion\u00e1lov\u00e9 ve sv\u00e9m oboru, m\u011bli byste myslet na to, jak d\u016fle\u017eit\u00e9 je b\u00fdt vid\u011bt, jak spr\u00e1vn\u011b upoutat pozornost pr\u00e1v\u011b na v\u00e1s, a jak se trvale vr\u00fdt do pam\u011bti va\u0161im st\u00e1vaj\u00edc\u00edm, nov\u00fdm \u010di budouc\u00edm z\u00e1kazn\u00edk\u016fm. Zahr\u0148te proto reklamn\u00ed p\u0159edm\u011bty do marketingov\u00e9 [&hellip;]","datePublished":"2023-04-28","dateModified":"2023-04-28","author":{"@type":"Person","@id":"https:\/\/www.compresspr.cz\/author\/#Person","name":"compresspr.cz\n","url":"https:\/\/www.compresspr.cz\/author\/","identifier":1,"image":{"@type":"ImageObject","@id":"https:\/\/secure.gravatar.com\/avatar\/a231d13c7dfc9c75f2343f864438f5ab9c0bfebd1aa37dfd3bb16118c04f838c?s=96&d=mm&r=g","url":"https:\/\/secure.gravatar.com\/avatar\/a231d13c7dfc9c75f2343f864438f5ab9c0bfebd1aa37dfd3bb16118c04f838c?s=96&d=mm&r=g","height":96,"width":96}},"publisher":{"@type":"Organization","name":"compresspr.cz","logo":{"@type":"ImageObject","@id":"\/logo.png","url":"\/logo.png","width":600,"height":60}},"url":"https:\/\/www.compresspr.cz\/vryjte-se-do-pameti-svym-zakaznikum\/","about":["Slu\u017eby"],"wordCount":412,"articleBody":"Je \u00fapln\u011b jedno, zdali jste mal\u00ed podnikatel\u00e9 nebo ji\u017e velk\u00e1 rozjet\u00e1 firma. Pokud chcete b\u00fdt profesion\u00e1lov\u00e9 ve sv\u00e9m oboru, m\u011bli byste myslet na to, jak d\u016fle\u017eit\u00e9 je b\u00fdt vid\u011bt, jak spr\u00e1vn\u011b upoutat pozornost pr\u00e1v\u011b na v\u00e1s, a jak se trvale vr\u00fdt do pam\u011bti va\u0161im st\u00e1vaj\u00edc\u00edm, nov\u00fdm \u010di budouc\u00edm z\u00e1kazn\u00edk\u016fm. Zahr\u0148te proto reklamn\u00ed p\u0159edm\u011bty do marketingov\u00e9 strategie sv\u00e9 firmy.Reklamn\u00ed p\u0159edm\u011bty jsou tou spr\u00e1vnou cestou, jak si udr\u017eet z\u00e1kazn\u00edka \u010di naopak z\u00edskat nov\u00e9ho v\u00a0dob\u011b jejich rozhodov\u00e1n\u00ed. D\u00edky reklamn\u00edm d\u00e1rkov\u00fdm p\u0159edm\u011bt\u016fm z\u00edsk\u00e1te pozornost \u0161irok\u00e9ho okruhu klient\u016f. Pomoc\u00ed nim podpo\u0159\u00edte v\u00fdb\u011br nerozhodn\u00e9ho z\u00e1kazn\u00edka, nebo tak pod\u011bkujete za spolupr\u00e1ci sv\u00fdm obchodn\u00edm partner\u016fm.Tento marketingov\u00fd n\u00e1stroj podpo\u0159\u00ed jm\u00e9no va\u0161\u00ed firmy, d\u00edky nim z\u016fstane v\u00a0podv\u011bdom\u00ed va\u0161e firma i va\u0161e zna\u010dka.Nab\u00edz\u00edme v\u00fdrobu reklamn\u00edch p\u0159edm\u011bt\u016f a d\u00e1rk\u016f za velmi p\u0159ijatelnou cenu, kter\u00e9 vyr\u00e1b\u00edme v\u00e1m na m\u00edru va\u0161im po\u017eadavk\u016fm. M\u00e1me doslova neomezen\u00e9 mo\u017enosti, vyb\u00edrat m\u016f\u017eete z\u00a0katalogu, kde naleznete \u0161irokou \u0161k\u00e1lu propaga\u010dn\u00edch p\u0159edm\u011bt\u016f dle sv\u00fdch preferenc\u00ed a cenov\u00fdch mo\u017enost\u00ed. Najdete u n\u00e1s reklamn\u00ed a d\u00e1rkov\u00e9 p\u0159edm\u011bty pro ka\u017edou p\u0159\u00edle\u017eitost.B\u011b\u017en\u00e9 reklamn\u00ed p\u0159edm\u011bty:\u00b7\u00a0\u00a0\u00a0\u00a0\u00a0\u00a0\u00a0\u00a0 propisky a tu\u017eky\u00b7\u00a0\u00a0\u00a0\u00a0\u00a0\u00a0\u00a0\u00a0 odznaky\u00b7\u00a0\u00a0\u00a0\u00a0\u00a0\u00a0\u00a0\u00a0 kl\u00ed\u010denky a p\u0159\u00edv\u011bsky na kl\u00ed\u010de\u00b7\u00a0\u00a0\u00a0\u00a0\u00a0\u00a0\u00a0\u00a0 reklamn\u00ed textil \u2013 tri\u010dka, mikiny, \u010depice ru\u010dn\u00edky\u2026\u00b7\u00a0\u00a0\u00a0\u00a0\u00a0\u00a0\u00a0\u00a0 batohy\u00b7\u00a0\u00a0\u00a0\u00a0\u00a0\u00a0\u00a0\u00a0 de\u0161tn\u00edky\u00b7\u00a0\u00a0\u00a0\u00a0\u00a0\u00a0\u00a0\u00a0 hrnky\u00b7\u00a0\u00a0\u00a0\u00a0\u00a0\u00a0\u00a0\u00a0 zapalova\u010de\u00b7\u00a0\u00a0\u00a0\u00a0\u00a0\u00a0\u00a0\u00a0 baterky\u00b7\u00a0\u00a0\u00a0\u00a0\u00a0\u00a0\u00a0\u00a0 kancel\u00e1\u0159sk\u00e9 pot\u0159eby\u00b7\u00a0\u00a0\u00a0\u00a0\u00a0\u00a0\u00a0\u00a0 podlo\u017eky pod my\u0161\u00b7\u00a0\u00a0\u00a0\u00a0\u00a0\u00a0\u00a0\u00a0 puzzle\u00b7\u00a0\u00a0\u00a0\u00a0\u00a0\u00a0\u00a0\u00a0 hodiny\u00b7\u00a0\u00a0\u00a0\u00a0\u00a0\u00a0\u00a0\u00a0 kalkula\u010dky\u00b7\u00a0\u00a0\u00a0\u00a0\u00a0\u00a0\u00a0\u00a0 USB flash\u00b7\u00a0\u00a0\u00a0\u00a0\u00a0\u00a0\u00a0\u00a0 f\u00f3lie na polep aut a reklamn\u00edch cedul\u00ed i plachet\u00b7\u00a0\u00a0\u00a0\u00a0\u00a0\u00a0\u00a0\u00a0 a mnoho dal\u0161\u00edch p\u0159edm\u011bt\u016fSta\u010d\u00ed, kdy\u017e si vyberete reklamn\u00ed p\u0159edm\u011bt, kter\u00fd v\u00e1m profesion\u00e1ln\u011b potiskneme va\u0161\u00edm logem nebo podle va\u0161\u00ed p\u0159\u00edm\u00e9 specifikace, n\u00e1kresu \u010di grafick\u00e9 vizualizace. Zvolte si vlastn\u00ed tvar, barvu, design i materi\u00e1l. V\u00fdsledkem pak bude origin\u00e1ln\u00ed reklamn\u00ed d\u00e1rek, kter\u00fd v\u00e1s zviditeln\u00ed u va\u0161ich z\u00e1kazn\u00edk\u016f \u010di va\u0161ich zam\u011bstnanc\u016f.V\u011b\u0159\u00edme, \u017ee n\u00e1\u0161 kvalitn\u00ed reklamn\u00ed potisk ocen\u00edte nejen vy, ale tak\u00e9 v\u0161ichni va\u0161i z\u00e1kazn\u00edci.                                                                                                                                                                                                                                                                                                                                                                                        4\/5 - (4 votes)        "},{"@context":"https:\/\/schema.org\/","@type":"BreadcrumbList","itemListElement":[{"@type":"ListItem","position":1,"name":"Vryjte se do pam\u011bti sv\u00fdm z\u00e1kazn\u00edk\u016fm","item":"https:\/\/www.compresspr.cz\/vryjte-se-do-pameti-svym-zakaznikum\/#breadcrumbitem"}]}]