[{"@context":"https:\/\/schema.org\/","@type":"Article","@id":"https:\/\/www.compresspr.cz\/vertikalni-mys-nechodi-po-dvou\/#Article","mainEntityOfPage":"https:\/\/www.compresspr.cz\/vertikalni-mys-nechodi-po-dvou\/","headline":"Vertik\u00e1ln\u00ed my\u0161 nechod\u00ed po dvou","name":"Vertik\u00e1ln\u00ed my\u0161 nechod\u00ed po dvou","description":"Nen\u00ed \u017e\u00e1dn\u00fdm tajemstv\u00edm, a mnoz\u00ed v\u00edme z vlastn\u00ed zku\u0161enosti, \u017ee ka\u017ed\u00e1 intenzivn\u00ed lidsk\u00e1 \u010dinnost se odr\u00e1\u017e\u00ed na na\u0161em zdrav\u00ed a kondici. To plat\u00ed i o pr\u00e1ci s po\u010d\u00edta\u010dem. Mnoho z n\u00e1s pracuje s po\u010d\u00edta\u010dem osm i v\u00edce hodin a i p\u0159es nov\u00e9 technologie z\u016fst\u00e1v\u00e1 z\u00e1kladn\u00edm vstupn\u00edm za\u0159\u00edzen\u00edm kl\u00e1vesnice a my\u0161. Dlouh\u00e9 sezen\u00ed, \u010dasto je\u0161t\u011b \u0161patn\u00e9, [&hellip;]","datePublished":"2025-02-28","dateModified":"2023-04-28","author":{"@type":"Person","@id":"https:\/\/www.compresspr.cz\/author\/#Person","name":"compresspr.cz\n","url":"https:\/\/www.compresspr.cz\/author\/","identifier":1,"image":{"@type":"ImageObject","@id":"https:\/\/secure.gravatar.com\/avatar\/a231d13c7dfc9c75f2343f864438f5ab9c0bfebd1aa37dfd3bb16118c04f838c?s=96&d=mm&r=g","url":"https:\/\/secure.gravatar.com\/avatar\/a231d13c7dfc9c75f2343f864438f5ab9c0bfebd1aa37dfd3bb16118c04f838c?s=96&d=mm&r=g","height":96,"width":96}},"publisher":{"@type":"Organization","name":"compresspr.cz","logo":{"@type":"ImageObject","@id":"\/logo.png","url":"\/logo.png","width":600,"height":60}},"image":{"@type":"ImageObject","@id":"https:\/\/www.compresspr.cz\/wp-content\/uploads\/img_a303641_w1780_t1514239215.jpg","url":"https:\/\/www.compresspr.cz\/wp-content\/uploads\/img_a303641_w1780_t1514239215.jpg","height":0,"width":0},"url":"https:\/\/www.compresspr.cz\/vertikalni-mys-nechodi-po-dvou\/","about":["Elektro"],"wordCount":441,"articleBody":"Nen\u00ed \u017e\u00e1dn\u00fdm tajemstv\u00edm, a mnoz\u00ed v\u00edme z vlastn\u00ed zku\u0161enosti, \u017ee ka\u017ed\u00e1 intenzivn\u00ed lidsk\u00e1 \u010dinnost se odr\u00e1\u017e\u00ed na na\u0161em zdrav\u00ed a kondici. To plat\u00ed i o pr\u00e1ci s po\u010d\u00edta\u010dem. Mnoho z n\u00e1s pracuje s po\u010d\u00edta\u010dem osm i v\u00edce hodin a i p\u0159es nov\u00e9 technologie z\u016fst\u00e1v\u00e1 z\u00e1kladn\u00edm vstupn\u00edm za\u0159\u00edzen\u00edm kl\u00e1vesnice a my\u0161. Dlouh\u00e9 sezen\u00ed, \u010dasto je\u0161t\u011b \u0161patn\u00e9, vede k bolestem zad (bedern\u00ed i kr\u010dn\u00ed p\u00e1tre\u0159e), jsme vystaveni riziku\u00a0 obezity a n\u00e1sledn\u00e9mu\u00a0 vysok\u00e9mu krevn\u00edmu tlaku, srde\u010dn\u011b c\u00e9vn\u00edm onemocn\u011bn\u00edm.\u010casto se k v\u00fd\u00fd\u0161e zm\u00edn\u011bn\u00fdm probl\u00e9m\u016fm p\u0159id\u00e1v\u00e1 i bolest ruky v z\u00e1p\u011bst\u00ed zp\u016fsoben\u00e1 \u00fachopem a dlouhou prac\u00ed s po\u010d\u00edta\u010dovou my\u0161\u00ed. V nejhor\u0161\u00edm p\u0159\u00edpad\u011b vede a\u017e ke ztr\u00e1t\u011b hybnosti prst\u016f.\u00a0 Velice nep\u0159\u00edjemn\u00e1 z\u00e1le\u017eitost.\u00a0Ano &#8211; je to tzvn. syndrom karp\u00e1ln\u00edho tunelu, kter\u00e9mu se laicky \u0159\u00edk\u00e1 \u201eucpan\u00e9 kan\u00e1lky na ruce\u201c. Vznik\u00e1 t\u00edm, \u017ee je utla\u010den a\u00a0 nedokrven st\u0159edn\u00ed nerv karp\u00e1ln\u00edho tunelu \u2013 Nervus medianus.\u00a0 Vyzna\u010duje se bolest\u00ed v oblasti z\u00e1p\u011bst\u00ed, brn\u011bn\u00edm prst\u016f, slabost\u00ed ukazov\u00e1\u010dku a prost\u0159edn\u00ed\u010dku, no\u010dn\u00ed bolest\u00ed ruky.\u00a0My\u0161 dr\u017e\u00edme obvykle v\u011bt\u0161inu pracovn\u00edho dne. Onemocn\u011bn\u00ed nervu karp\u00e1ln\u00edho tunelu je bolestiv\u00e9, \u010dasto kon\u010d\u00ed operac\u00ed, dlouhodobou pracovn\u00ed neschopnost\u00ed a dlouhodobou rehabilitac\u00ed. T\u011bmto nep\u0159\u00edjemnostem m\u016f\u017eeme p\u0159edch\u00e1zet tak,\u00a0 \u017ee si po\u0159\u00edd\u00edme vertik\u00e1ln\u00ed my\u0161.Ve srovn\u00e1n\u00ed s \u201eklasick\u00fdmi\u201c jsou ergonomi\u010dt\u011bj\u0161\u00ed, poskytuj\u00ed svelmi dobr\u00fd \u00fachop a se zachov\u00e1n\u00edm p\u0159esn\u00e9ho ovl\u00e1d\u00e1n\u00ed kurzoru my\u0161i. Na trhu jsou r\u016fzn\u00e9 modely r\u00fazn\u00fdch v\u00fdrobc\u016f za r\u016fzn\u00e9 ceny. Ty se pohybuj\u00ed od n\u011bkolika set do n\u011bkolika tis\u00edc korun. Nejzn\u00e1m\u011bj\u0161\u00ed jsou zna\u010dky TRACER, C-TECH, 3M, R- Go Tools. Ka\u017ed\u00fd si jist\u011b vybere. Milovn\u00edci po\u010d\u00edta\u010dov\u00fdch her jist\u011b ocen\u00ed, \u017ee ty nejnov\u011bj\u0161\u00ed lze pou\u017e\u00edt i jako hern\u00ed.\u00a0V\u00fdhody vertik\u00e1ln\u00edho \u00fachopu&#8211;\u00a0\u00a0\u00a0\u00a0\u00a0\u00a0\u00a0 ergonomick\u00e9 proveden\u00ed\u00a0 odstra\u0148uje nap\u011bt\u00ed v z\u00e1p\u011bst\u00ed a p\u0159edlokt\u00ed&#8211;\u00a0\u00a0\u00a0\u00a0\u00a0\u00a0\u00a0 umo\u017e\u0148uje pr\u00e1ci s my\u0161\u00ed i p\u0159i onemocn\u011bn\u00ed karp\u00e1ln\u00edho tunelu&#8211;\u00a0\u00a0\u00a0\u00a0\u00a0\u00a0\u00a0 je mo\u017en\u00e9 vybrat model dle velikosti ruky a model pro lev\u00e1ky\u00a0\u00a0\u00a0N\u011bkomu nemus\u00ed vyhovovat&#8211;\u00a0\u00a0\u00a0\u00a0\u00a0\u00a0\u00a0 men\u0161\u00ed p\u0159esnost ovl\u00e1d\u00e1n\u00ed u n\u011bkter\u00fdch model\u016f&#8211;\u00a0\u00a0\u00a0\u00a0\u00a0\u00a0\u00a0 pot\u0159eba n\u011bjak\u00e9ho \u010dasu na zvyknut\u00ed na rozd\u00edlnou pr\u00e1ci&#8211;\u00a0\u00a0\u00a0\u00a0\u00a0\u00a0 vy\u0161\u0161\u00ed po\u0159izovac\u00ed cena\u00a0                                                                                                                                                                                                                                                                                                                                                                                        3.6\/5 - (7 votes)        "},{"@context":"https:\/\/schema.org\/","@type":"BreadcrumbList","itemListElement":[{"@type":"ListItem","position":1,"name":"Vertik\u00e1ln\u00ed my\u0161 nechod\u00ed po dvou","item":"https:\/\/www.compresspr.cz\/vertikalni-mys-nechodi-po-dvou\/#breadcrumbitem"}]}]