[{"@context":"https:\/\/schema.org\/","@type":"Article","@id":"https:\/\/www.compresspr.cz\/ruce-nase-vizitka\/#Article","mainEntityOfPage":"https:\/\/www.compresspr.cz\/ruce-nase-vizitka\/","headline":"Ruce \u2013 na\u0161e vizitka","name":"Ruce \u2013 na\u0161e vizitka","description":"R\u00e1di o sebe db\u00e1te a nen\u00ed v\u00e1m lhostejn\u00e9, jak vypad\u00e1te? Mnohdy se p\u0159i \u00faprav\u011b zevn\u011bj\u0161ku soust\u0159ed\u00edme hlavn\u011b na obli\u010dej, ale ostatn\u00ed \u010d\u00e1sti t\u011bla, jako nap\u0159\u00edklad ruce jsou \u010dastokr\u00e1t opom\u00edjeny. Nezapom\u00ednejte p\u0159i p\u00e9\u010di o v\u00e1\u0161 zevn\u011bj\u0161ek tak\u00e9 na p\u00e9\u010di o ruce, kter\u00e9 si je rozhodn\u011b zaslou\u017e\u00ed. Vzhled na\u0161ich rukou je d\u016fle\u017eit\u00fd v\u00a0ka\u017edodenn\u00edm \u017eivot\u011b, p\u0159i kontaktu s\u00a0lidmi [&hellip;]","datePublished":"2018-06-24","dateModified":"2023-04-28","author":{"@type":"Person","@id":"https:\/\/www.compresspr.cz\/author\/#Person","name":"compresspr.cz\n","url":"https:\/\/www.compresspr.cz\/author\/","identifier":1,"image":{"@type":"ImageObject","@id":"https:\/\/secure.gravatar.com\/avatar\/a231d13c7dfc9c75f2343f864438f5ab9c0bfebd1aa37dfd3bb16118c04f838c?s=96&d=mm&r=g","url":"https:\/\/secure.gravatar.com\/avatar\/a231d13c7dfc9c75f2343f864438f5ab9c0bfebd1aa37dfd3bb16118c04f838c?s=96&d=mm&r=g","height":96,"width":96}},"publisher":{"@type":"Organization","name":"compresspr.cz","logo":{"@type":"ImageObject","@id":"\/logo.png","url":"\/logo.png","width":600,"height":60}},"image":{"@type":"ImageObject","@id":"https:\/\/www.compresspr.cz\/wp-content\/uploads\/img_a319909_w1780_t1531077102.jpg","url":"https:\/\/www.compresspr.cz\/wp-content\/uploads\/img_a319909_w1780_t1531077102.jpg","height":0,"width":0},"url":"https:\/\/www.compresspr.cz\/ruce-nase-vizitka\/","about":["N\u00e1kupy"],"wordCount":408,"articleBody":"R\u00e1di o sebe db\u00e1te a nen\u00ed v\u00e1m lhostejn\u00e9, jak vypad\u00e1te? Mnohdy se p\u0159i \u00faprav\u011b zevn\u011bj\u0161ku soust\u0159ed\u00edme hlavn\u011b na obli\u010dej, ale ostatn\u00ed \u010d\u00e1sti t\u011bla, jako nap\u0159\u00edklad ruce jsou \u010dastokr\u00e1t opom\u00edjeny. Nezapom\u00ednejte p\u0159i p\u00e9\u010di o v\u00e1\u0161 zevn\u011bj\u0161ek tak\u00e9 na p\u00e9\u010di o ruce, kter\u00e9 si je rozhodn\u011b zaslou\u017e\u00ed. Vzhled na\u0161ich rukou je d\u016fle\u017eit\u00fd v\u00a0ka\u017edodenn\u00edm \u017eivot\u011b, p\u0159i kontaktu s\u00a0lidmi i mimo n\u011b. Ne nadarmo se \u0159\u00edk\u00e1, \u017ee ruce jsou na\u0161\u00ed vizitkou, jsou toti\u017e v\u011bt\u0161inou t\u00edm prvn\u00edm, \u010deho si na \u010dlov\u011bku v\u0161imneme.A such\u00e1 poko\u017eka rukou nebo okousan\u00e9 nehty opravdu nep\u016fsob\u00ed dob\u0159e a mnohdy takov\u00fdto vzhled rukou odrad\u00ed od jak\u00e9hokoliv dal\u0161\u00edho kontaktu s\u00a0danou osobou. A\u010d v\u00e1m to t\u0159eba nep\u0159ijde d\u016fle\u017eit\u00e9, starat se pravideln\u011b o ruce m\u00e1 ur\u010dit\u011b sv\u016fj smysl. Nau\u010dte se proto spr\u00e1vn\u011b pe\u010dovat o va\u0161e ruce. I ruce si zaslou\u017e\u00ed va\u0161i p\u00e9\u010di, a to p\u0159edev\u0161\u00edm proto, aby dob\u0159e vypadaly a aby byly vl\u00e1\u010dn\u00e9, jemn\u00e9, hydratovan\u00e9 a upraven\u00e9. Z\u00e1kladem krom\u011b spr\u00e1vn\u00e9 a pravideln\u00e9 hygieny je tak\u00e9 pravideln\u00e9 promaz\u00e1v\u00e1n\u00ed k\u016f\u017ee, kter\u00e1 jinak ztr\u00e1c\u00ed na pru\u017enosti a elasticit\u011b.Nepodce\u0148ujte proto hydrataci poko\u017eky na va\u0161ich rukou a ta se v\u00e1m pak odm\u011bn\u00ed mladistv\u00fdm a sv\u011b\u017e\u00edm vzhledem.A jak\u00fd kr\u00e9m na ruce zvolit? Z\u00e1le\u017e\u00ed hned na n\u011bkolika faktorech. Jinou p\u00e9\u010di vy\u017eaduje poko\u017eka mlad\u00e1, bezprobl\u00e9mov\u00e1, jinou zase poko\u017eka s\u00a0n\u00e1chylnost\u00ed k\u00a0ekz\u00e9m\u016fm a vyr\u00e1\u017ek\u00e1m nebo st\u00e1rnouc\u00ed poko\u017eka. Najd\u011bte si proto vhodn\u00fd kr\u00e9m na ruce konkr\u00e9tn\u011b pro v\u00e1\u0161 typ pleti nebo pro v\u00e1\u0161 probl\u00e9m s\u00a0poko\u017ekou a ji\u017e za p\u00e1r dn\u00ed m\u016f\u017eete spat\u0159it p\u0159\u00edjemn\u00e9 zm\u011bny na vzhledu va\u0161ich rukou.Proto\u017ee ruce jsou va\u0161\u00ed vizitkou a jsou neust\u00e1le vid\u011bt,je d\u016fle\u017eit\u00e9 jim v\u011bnovat dostate\u010dnou pozornost, a to nejen pravideln\u00fdm pou\u017e\u00edv\u00e1n\u00edm vhodn\u011b zvolen\u00fdch kr\u00e9m\u016f na ruce, ale tak\u00e9 pravidelnou manik\u00farou. Celkov\u00fd vzhled rukou tak d\u00e1my mohou doladit vhodn\u011b zvolen\u00fdm lakem na nehty a dostate\u010dn\u011b, ne v\u0161ak p\u0159\u00edli\u0161 dlouh\u00e9 nehty, jsou samoz\u0159ejmost\u00ed.                                                                                                                                                                                                                                                                                                                                                                                        3.5\/5 - (6 votes)        "},{"@context":"https:\/\/schema.org\/","@type":"BreadcrumbList","itemListElement":[{"@type":"ListItem","position":1,"name":"Ruce \u2013 na\u0161e vizitka","item":"https:\/\/www.compresspr.cz\/ruce-nase-vizitka\/#breadcrumbitem"}]}]