[{"@context":"https:\/\/schema.org\/","@type":"Article","@id":"https:\/\/www.compresspr.cz\/odpocinek-i-zabavne-vylety-behem-adventnich-vikendu\/#Article","mainEntityOfPage":"https:\/\/www.compresspr.cz\/odpocinek-i-zabavne-vylety-behem-adventnich-vikendu\/","headline":"Odpo\u010dinek i z\u00e1bavn\u00e9 v\u00fdlety b\u011bhem adventn\u00edch v\u00edkend\u016f","name":"Odpo\u010dinek i z\u00e1bavn\u00e9 v\u00fdlety b\u011bhem adventn\u00edch v\u00edkend\u016f","description":"Zimn\u00ed m\u011bs\u00edce jsou jako stvo\u0159en\u00e9 k tomu, abychom se na p\u00e1r dn\u016f oddali p\u00e9\u010di \u010detn\u00fdch tuzemsk\u00fdch hotel\u016f, disponuj\u00edc\u00edch \u0159adou specializovan\u00fdch wellness center se skv\u011bl\u00fdmi slu\u017ebami, nejenom v t\u00e9to oblasti, ale i po str\u00e1nce gastronomie a ubytov\u00e1n\u00ed. Nab\u00eddka je opravdu velk\u00e1 a jen st\u011b\u017e\u00ed se d\u00e1 vybrat. Pokud si ale chcete o sv\u00e9m voln\u00e9m v\u00edkendu u\u017e\u00edt [&hellip;]","datePublished":"2019-08-24","dateModified":"2023-04-28","author":{"@type":"Person","@id":"https:\/\/www.compresspr.cz\/author\/#Person","name":"compresspr.cz\n","url":"https:\/\/www.compresspr.cz\/author\/","identifier":1,"image":{"@type":"ImageObject","@id":"https:\/\/secure.gravatar.com\/avatar\/a231d13c7dfc9c75f2343f864438f5ab9c0bfebd1aa37dfd3bb16118c04f838c?s=96&d=mm&r=g","url":"https:\/\/secure.gravatar.com\/avatar\/a231d13c7dfc9c75f2343f864438f5ab9c0bfebd1aa37dfd3bb16118c04f838c?s=96&d=mm&r=g","height":96,"width":96}},"publisher":{"@type":"Organization","name":"compresspr.cz","logo":{"@type":"ImageObject","@id":"\/logo.png","url":"\/logo.png","width":600,"height":60}},"image":{"@type":"ImageObject","@id":"https:\/\/www.compresspr.cz\/wp-content\/uploads\/img_a358532_w1780_t1572938412.jpg","url":"https:\/\/www.compresspr.cz\/wp-content\/uploads\/img_a358532_w1780_t1572938412.jpg","height":0,"width":0},"url":"https:\/\/www.compresspr.cz\/odpocinek-i-zabavne-vylety-behem-adventnich-vikendu\/","about":["Kultura"],"wordCount":421,"articleBody":"  Zimn\u00ed m\u011bs\u00edce jsou jako stvo\u0159en\u00e9 k tomu, abychom se na p\u00e1r dn\u016f oddali p\u00e9\u010di \u010detn\u00fdch tuzemsk\u00fdch hotel\u016f, disponuj\u00edc\u00edch \u0159adou specializovan\u00fdch wellness center se skv\u011bl\u00fdmi slu\u017ebami, nejenom v t\u00e9to oblasti, ale i po str\u00e1nce gastronomie a ubytov\u00e1n\u00ed. Nab\u00eddka je opravdu velk\u00e1 a jen st\u011b\u017e\u00ed se d\u00e1 vybrat. Pokud si ale chcete o sv\u00e9m voln\u00e9m v\u00edkendu u\u017e\u00edt v\u00edce ne\u017e pouh\u00e9 povalov\u00e1n\u00ed ve v\u00ed\u0159ivce, dop\u0159ejte si perfektn\u00ed program, kter\u00fd ve sv\u00e9m bal\u00ed\u010dku nab\u00edz\u00ed ubytov\u00e1n\u00ed Mikulov, v r\u00e1mci adventn\u00edch v\u00edkend\u016f.  A na co se m\u016f\u017eete t\u011b\u0161it? V r\u00e1mci tohoto pobytov\u00e9ho bal\u00ed\u010dku jsme pro v\u00e1s p\u0159ipravili ve dnech 6.12.-8.12.2019 a 13.12.-15.12.2019 ubytov\u00e1n\u00ed pro dv\u011b osoby na dv\u011b noci v pohodln\u00fdch pokoj\u00edch s bohatou sn\u00eddan\u00ed pod\u00e1vanou formou bufetu. B\u011bhem t\u011bchto dvou dn\u016f m\u00e1te mo\u017enost nav\u0161t\u00edvit po dobu dvou hodin na\u0161e skv\u011ble vybaven\u00e9 Wellness centrum a zaplavat si nap\u0159\u00edklad v baz\u00e9nu. Sobotn\u00ed den v\u00e1s dostane do prav\u00e9 v\u00e1no\u010dn\u00ed atmosf\u00e9ry, kterou um\u00ed neopakovateln\u00fdm zp\u016fsobem nab\u00eddnout V\u00e1no\u010dn\u011b vyzdoben\u00e1 V\u00edde\u0148 se sv\u00fdmi vyhl\u00e1\u0161en\u00fdmi trhy na zn\u00e1m\u00fdch n\u00e1m\u011bst\u00edch. Pr\u00e1v\u011b sem a zp\u011bt v\u00e1s doprav\u00ed pohodln\u00fd autobus, do kter\u00e9ho od n\u00e1s dostanete mal\u00e9 ob\u010derstven\u00ed na zhruba hodinu trvaj\u00edc\u00ed cestu. Ned\u011ble se ji\u017e ponese ve znamen\u00ed pozn\u00e1v\u00e1n\u00ed m\u00edstn\u00edch zaj\u00edmavost\u00ed ve spole\u010dnosti pr\u016fvodce, kter\u00fd se v\u00e1m bude v\u011bnovat b\u011bhem proch\u00e1zky po historick\u00e9m j\u00e1dru Mikulova. Ur\u010dit\u011b tak\u00e9 dojde na obl\u00edben\u00e9 sva\u0159en\u00e9 v\u00edno i mal\u00e9 p\u0159ekvapen\u00ed v podob\u011b praktick\u00e9ho d\u00e1rku, kter\u00fd jsme si pro v\u00e1s dovolili p\u0159ipravit jako pod\u011bkov\u00e1n\u00ed za V\u00e1\u0161 z\u00e1jem o na\u0161e slu\u017eby.  Kalend\u00e1\u0159 v\u0161ech pl\u00e1novan\u00fdch akc\u00ed v na\u0161em hotelu naleznete v\u010detn\u011b cen na na\u0161ich internetov\u00fdch str\u00e1nk\u00e1ch. Nad\u011blte si kr\u00e1sn\u00fd p\u0159edv\u00e1no\u010dn\u00ed d\u00e1rek v podob\u011b pobytu v klidn\u00e9m a p\u0159ekr\u00e1sn\u00e9m koutu ji\u017en\u00ed Moravy. P\u0159ije\u010fte na\u010derpat nov\u00e9 s\u00edly a z\u00e1\u017eitky do vina\u0159sk\u00e9ho m\u011bsta Mikulov, kter\u00e9 v\u00e1s p\u0159ekvap\u00ed svoj\u00ed n\u00e1dhernou polohou, histori\u00ed i jeho srde\u010dn\u00fdmi obyvateli.                                                                                                                                                                                                                                                                                                                                                                                          3.6\/5 - (5 votes)        "},{"@context":"https:\/\/schema.org\/","@type":"BreadcrumbList","itemListElement":[{"@type":"ListItem","position":1,"name":"Odpo\u010dinek i z\u00e1bavn\u00e9 v\u00fdlety b\u011bhem adventn\u00edch v\u00edkend\u016f","item":"https:\/\/www.compresspr.cz\/odpocinek-i-zabavne-vylety-behem-adventnich-vikendu\/#breadcrumbitem"}]}]