[{"@context":"https:\/\/schema.org\/","@type":"Article","@id":"https:\/\/www.compresspr.cz\/nechte-si-uklidit-interier-vaseho-auta\/#Article","mainEntityOfPage":"https:\/\/www.compresspr.cz\/nechte-si-uklidit-interier-vaseho-auta\/","headline":"Nechte si uklidit interi\u00e9r va\u0161eho auta","name":"Nechte si uklidit interi\u00e9r va\u0161eho auta","description":"Jestli\u017ee se z\u00a0va\u0161eho auta line sp\u00ed\u0161e z\u00e1pach ne\u017e v\u016fn\u011b, cht\u011blo by to napl\u00e1novat d\u016fkladnou o\u010distu vnit\u0159n\u00edho prostoru va\u0161eho mil\u00e1\u010dka. \u0160pinav\u00fdm, ne\u00fatuln\u00fdm a zap\u00e1chaj\u00edc\u00edm prost\u0159ed\u00edm ur\u010dit\u011b neud\u011bl\u00e1te dobr\u00fd dojem ani na sv\u00e9 spolucestuj\u00edc\u00ed. Vyu\u017eijte nab\u00eddky na slu\u017ebu n\u011bkter\u00fdch autoservis\u016f, kde zaji\u0161\u0165uj\u00ed d\u016fkladn\u00e9 ru\u010dn\u00ed myt\u00ed interi\u00e9ru voz\u016f. V\u017edy\u0165 p\u0159eci nen\u00ed nic l\u00e1kav\u011bj\u0161\u00edho, ne\u017e usednout do auta, kter\u00e9 [&hellip;]","datePublished":"2023-04-28","dateModified":"2023-04-28","author":{"@type":"Person","@id":"https:\/\/www.compresspr.cz\/author\/#Person","name":"compresspr.cz\n","url":"https:\/\/www.compresspr.cz\/author\/","identifier":1,"image":{"@type":"ImageObject","@id":"https:\/\/secure.gravatar.com\/avatar\/a231d13c7dfc9c75f2343f864438f5ab9c0bfebd1aa37dfd3bb16118c04f838c?s=96&d=mm&r=g","url":"https:\/\/secure.gravatar.com\/avatar\/a231d13c7dfc9c75f2343f864438f5ab9c0bfebd1aa37dfd3bb16118c04f838c?s=96&d=mm&r=g","height":96,"width":96}},"publisher":{"@type":"Organization","name":"compresspr.cz","logo":{"@type":"ImageObject","@id":"\/logo.png","url":"\/logo.png","width":600,"height":60}},"url":"https:\/\/www.compresspr.cz\/nechte-si-uklidit-interier-vaseho-auta\/","about":["Slu\u017eby"],"wordCount":414,"articleBody":"Jestli\u017ee se z\u00a0va\u0161eho auta line sp\u00ed\u0161e z\u00e1pach ne\u017e v\u016fn\u011b, cht\u011blo by to napl\u00e1novat d\u016fkladnou o\u010distu vnit\u0159n\u00edho prostoru va\u0161eho mil\u00e1\u010dka. \u0160pinav\u00fdm, ne\u00fatuln\u00fdm a zap\u00e1chaj\u00edc\u00edm prost\u0159ed\u00edm ur\u010dit\u011b neud\u011bl\u00e1te dobr\u00fd dojem ani na sv\u00e9 spolucestuj\u00edc\u00ed. Vyu\u017eijte nab\u00eddky na slu\u017ebu n\u011bkter\u00fdch autoservis\u016f, kde zaji\u0161\u0165uj\u00ed d\u016fkladn\u00e9 ru\u010dn\u00ed myt\u00ed interi\u00e9ru voz\u016f. V\u017edy\u0165 p\u0159eci nen\u00ed nic l\u00e1kav\u011bj\u0161\u00edho, ne\u017e usednout do auta, kter\u00e9 pr\u00e1v\u011b pro\u0161lo o\u010distou, a tak p\u0159ekr\u00e1sn\u011b sv\u011b\u017ee von\u00ed a bl\u00fdsk\u00e1 se \u010distotou.\u010cI\u0160T\u011aN\u00cd SUCHOU CESTOU\u010ci\u0161t\u011bn\u00ed suchou cestou zpravidla trv\u00e1 dv\u011b hodiny a zahrnuje tyto \u00fakony:\u00fc\u00a0 \u010ci\u0161t\u011bn\u00ed, o\u0161et\u0159en\u00ed a impregnace v\u0161ech plastov\u00fdch a gumov\u00fdch \u010d\u00e1st\u00ed interi\u00e9ru vozu.\u00fc\u00a0 Vys\u00e1v\u00e1n\u00ed kobere\u010dk\u016f a cel\u00e9ho interi\u00e9ru.\u00fc\u00a0 Vys\u00e1v\u00e1n\u00ed kufru.\u00fc\u00a0 Umyt\u00ed oken z\u00a0obou stran.\u00fc\u00a0 Odstran\u011bn\u00ed star\u00e9 d\u00e1lni\u010dn\u00ed zn\u00e1mky.\u00fc\u00a0 O\u010distu zrc\u00e1tek.\u00fc\u00a0 Vyt\u0159en\u00ed mezidve\u0159\u00edch prostor\u016f.\u00fc\u00a0 Provon\u011bn\u00ed interi\u00e9ru.\u010cI\u0160T\u011aN\u00cd MOKROU CESTOU\u010ci\u0161t\u011bn\u00ed mokrou cestou zpravidla trv\u00e1 t\u0159i a\u017e p\u011bt hodin a zahrnuje tyto \u00fakony:\u00fc\u00a0 Vys\u00e1v\u00e1n\u00ed kobere\u010dk\u016f a cel\u00e9ho interi\u00e9ru od hrub\u00fdch ne\u010distot profesion\u00e1ln\u00edm vysava\u010dem.\u00fc\u00a0 Vys\u00e1v\u00e1n\u00ed kufru.\u00fc\u00a0 D\u016fkladn\u00e9 umyt\u00ed cel\u00e9ho interi\u00e9ru v\u010detn\u011b dve\u0159n\u00edch kapes, z\u00e1suvek a p\u0159ihr\u00e1dek.\u00fc\u00a0 Umyt\u00ed oken z\u00a0obou stran.\u00fc\u00a0 Tepov\u00e1n\u00ed \u010daloun\u011bn\u00ed dve\u0159\u00ed, seda\u010dek, op\u011brek, kobere\u010dk\u016f v\u010detn\u011b zavazadlov\u00e9ho prostoru.\u00fc\u00a0 Impregnace t\u011bsn\u00edc\u00edch gum.\u00fc\u00a0 Provon\u011bn\u00ed interi\u00e9ru.Tepov\u00e1n\u00ed se prov\u00e1d\u00ed d\u016fkladn\u011b\u00a0pomoc\u00ed profesion\u00e1ln\u00edch tepovac\u00edch stroj\u016f a \u010dist\u00edc\u00edch p\u0159\u00edpravk\u016f. Vozidla se z\u00e1kazn\u00edk\u016fm vrac\u00ed \u010dist\u00e1 a such\u00e1.Ne\u017e sv\u00e9 auto odvezete na d\u016fkladnou o\u010distu, nezapome\u0148te v\u00a0n\u011bm uklidit v\u0161echny osobn\u00ed v\u011bci.PRO\u010c SI NECHAT SV\u00c9 AUTO VY\u010cISTIT ZEVNIT\u0158?\u00fc\u00a0 Budete cestovat v\u00a0\u010dist\u00e9m a zdrav\u00e9m prost\u0159ed\u00ed.\u00fc\u00a0 Budete m\u00edt v\u00edce \u010dasu, nebo\u0165 sami nestr\u00e1v\u00edte \u010di\u0161t\u011bn\u00edm cel\u00fd den.\u00fc\u00a0 U\u0161et\u0159\u00edte pen\u00edze za vlastn\u00ed p\u0159\u00edpravky k\u00a0\u010di\u0161t\u011bn\u00ed.\u00fc\u00a0 Va\u0161i spolucestuj\u00edc\u00ed ocen\u00ed po\u0159\u00e1dek ve va\u0161em aut\u011b.\u00fc\u00a0 Sami se budete t\u011b\u0161it z\u00a0j\u00edzdy ve vo\u0148av\u00e9m a \u010dist\u00e9m aut\u011b.                                                                                                                                                                                                                                                                                                                                                                                        3.8\/5 - (14 votes)        "},{"@context":"https:\/\/schema.org\/","@type":"BreadcrumbList","itemListElement":[{"@type":"ListItem","position":1,"name":"Nechte si uklidit interi\u00e9r va\u0161eho auta","item":"https:\/\/www.compresspr.cz\/nechte-si-uklidit-interier-vaseho-auta\/#breadcrumbitem"}]}]