[{"@context":"https:\/\/schema.org\/","@type":"Article","@id":"https:\/\/www.compresspr.cz\/letosni-trendy-v-kabelkach\/#Article","mainEntityOfPage":"https:\/\/www.compresspr.cz\/letosni-trendy-v-kabelkach\/","headline":"Leto\u0161n\u00ed trendy v kabelk\u00e1ch","name":"Leto\u0161n\u00ed trendy v kabelk\u00e1ch","description":"M\u00f3dn\u00edm hitem leto\u0161n\u00edho roku jsou sedlov\u00e9 kabelky. Co v\u00e1m sv\u00fdm tvarem p\u0159ipom\u00ednaj\u00ed? Ty, kter\u00e9 h\u00e1daly ko\u0148sk\u00e9 sedlo, m\u011bly pravdu. Ano, je to tak, skute\u010dn\u011b jsou vyrobeny podle tohoto vzoru. Jsou praktick\u00e9, snadno je p\u0159ehod\u00edte p\u0159es rameno a vejde se do nich v\u0161e pot\u0159ebn\u00e9. Koulelo se, koulelo\u2026 A n\u011bco extra. Kulat\u00e9 kabelky. Ty tady dlouho nebyly. [&hellip;]","datePublished":"2020-02-05","dateModified":"2023-04-28","author":{"@type":"Person","@id":"https:\/\/www.compresspr.cz\/author\/#Person","name":"compresspr.cz\n","url":"https:\/\/www.compresspr.cz\/author\/","identifier":1,"image":{"@type":"ImageObject","@id":"https:\/\/secure.gravatar.com\/avatar\/a231d13c7dfc9c75f2343f864438f5ab9c0bfebd1aa37dfd3bb16118c04f838c?s=96&d=mm&r=g","url":"https:\/\/secure.gravatar.com\/avatar\/a231d13c7dfc9c75f2343f864438f5ab9c0bfebd1aa37dfd3bb16118c04f838c?s=96&d=mm&r=g","height":96,"width":96}},"publisher":{"@type":"Organization","name":"compresspr.cz","logo":{"@type":"ImageObject","@id":"\/logo.png","url":"\/logo.png","width":600,"height":60}},"image":{"@type":"ImageObject","@id":"https:\/\/www.compresspr.cz\/wp-content\/uploads\/img_a374515_w1780_t1586253193.jpg","url":"https:\/\/www.compresspr.cz\/wp-content\/uploads\/img_a374515_w1780_t1586253193.jpg","height":0,"width":0},"url":"https:\/\/www.compresspr.cz\/letosni-trendy-v-kabelkach\/","about":["N\u00e1kupy"],"wordCount":440,"articleBody":"  M\u00f3dn\u00edm hitem leto\u0161n\u00edho roku jsou sedlov\u00e9 kabelky. Co v\u00e1m sv\u00fdm tvarem p\u0159ipom\u00ednaj\u00ed? Ty, kter\u00e9 h\u00e1daly ko\u0148sk\u00e9 sedlo, m\u011bly pravdu. Ano, je to tak, skute\u010dn\u011b jsou vyrobeny podle tohoto vzoru. Jsou praktick\u00e9, snadno je p\u0159ehod\u00edte p\u0159es rameno a vejde se do nich v\u0161e pot\u0159ebn\u00e9. Koulelo se, koulelo\u2026 A n\u011bco extra. Kulat\u00e9 kabelky. Ty tady dlouho nebyly. A ve v\u0161ech barv\u00e1ch. Jsou v\u011bt\u0161inou men\u0161\u00ed, ale d\u00e1te do nich ur\u010dit\u011b v\u0161echny d\u016fle\u017eit\u00e9 v\u011bci. Budou se l\u00edbit p\u0159edev\u0161\u00edm \u017een\u00e1m, kter\u00e9 tou\u017e\u00ed po tom, aby vynikly. Kdy\u017e je dopln\u00edte boho stylem oble\u010den\u00ed, budete jedine\u010dn\u00e1. Co\u017ee \u2013 zase? Ne\u010dekali jsme to, ale n\u00e1vrat se kon\u00e1. Ledvinky-kapsi\u010dky, kter\u00e9 si p\u0159ipnete kolem pasu a d\u00e1te do nich pen\u011b\u017eenku, doklady, mobil. Tak\u017ee s sebou do m\u011bsta na proch\u00e1zku, do kina nebo na sch\u016fzku netah\u00e1te ta\u0161ku. Pam\u011btnice mo\u017en\u00e1 vylov\u00ed podobn\u00fd kousek ze sv\u00e9ho er\u00e1ru a je te\u010f r\u00e1da, \u017ee jej nedala do charity. A\u0165 mi tam taky n\u011bco vejde Batohy, nebo chcete-li vaky. Hod\u00ed se ke sportovn\u011bj\u0161\u00edmu oble\u010den\u00ed. Jsou ko\u017een\u00e9 nebo ko\u017eenkov\u00e9 s nezbytn\u00fdm uzlem jako leto\u0161n\u00edm zdobn\u00fdm detailem. Colors  Trendem jsou velmi v\u00fdrazn\u00e9 barvy, jako je zelen\u00e1, \u017elut\u00e1, tyrkysov\u011b modr\u00e1, fuchsiov\u00e1, nebo naopak pastelov\u00e9 barvy \u2013 sv\u011btle r\u016f\u017eov\u00e1, v barv\u011b peprmintu, sv\u011btle modr\u00e1 jako obl\u00e1\u010dky. P\u0159\u00edrodn\u00ed styl  K l\u00e9tu budou pat\u0159it slam\u011bn\u00e9 kabely, zdoben\u00e9 propl\u00e9tan\u00fdmi barevn\u00fdmi p\u00e1sky \u010di \u0161\u0148\u016frkami, ale i t\u0159pytiv\u00fdmi kam\u00ednky. Zaz\u00e1\u0159\u00edte tak\u00e9 s ko\u0161\u00edky, kter\u00e9 p\u0159ipom\u00ednaj\u00ed kv\u011btin\u00e1\u0159ky z p\u0159edminul\u00e9ho stolet\u00ed. Budou se l\u00edbit \u017een\u00e1m, kter\u00e9 preferuj\u00ed retro styl obl\u00e9k\u00e1n\u00ed. V m\u00f3d\u011b nad\u00e1le z\u016fst\u00e1vaj\u00ed shopper nebo taky \u201etote\u201c ta\u0161ky, do kter\u00fdch si m\u016f\u017eete d\u00e1t n\u00e1kup nebo slo\u017eky s dokumenty. Maj\u00ed minimalistick\u00fd tvar, a tak se budou vhodn\u00fdm dopl\u0148kem ke kalhotov\u00e9mu kost\u00fdmu.  Pro romanti\u010dky jsou tu mal\u00e9 vaky naho\u0159e sv\u00e1zan\u00e9 \u0161\u0148\u016frkou, sv\u00fdm tvarem p\u0159ipom\u00ednaj\u00ed \u201epompadurky\u201c, kter\u00e9 si d\u0159\u00edve dvorn\u00ed d\u00e1my br\u00e1valy na ples. Dnes ale nejsou vy\u0161\u00edvan\u00e9, ale ko\u017een\u00e9 nebo ko\u017eenkov\u00e9. Nakonec jsme si nechali klasiku \u2013 \u010dernou ko\u017eenou kabelku, pro ty, kter\u00e9 nerady experimentuj\u00ed a cht\u011bj\u00ed m\u00edt doma nad\u010dasovou klasiku. Hod\u00ed se ke v\u0161em outfit\u016fm.                                                                                                                                                                                                                                                                                                                                                                                         3.7\/5 - (6 votes)        "},{"@context":"https:\/\/schema.org\/","@type":"BreadcrumbList","itemListElement":[{"@type":"ListItem","position":1,"name":"Leto\u0161n\u00ed trendy v kabelk\u00e1ch","item":"https:\/\/www.compresspr.cz\/letosni-trendy-v-kabelkach\/#breadcrumbitem"}]}]