[{"@context":"https:\/\/schema.org\/","@type":"Article","@id":"https:\/\/www.compresspr.cz\/letni-zahradni-slavnosti-jsou-oblibene\/#Article","mainEntityOfPage":"https:\/\/www.compresspr.cz\/letni-zahradni-slavnosti-jsou-oblibene\/","headline":"Letn\u00ed zahradn\u00ed slavnosti jsou obl\u00edben\u00e9","name":"Letn\u00ed zahradn\u00ed slavnosti jsou obl\u00edben\u00e9","description":"Nejr\u016fzn\u011bj\u0161\u00ed oslavy svatby nebo jen men\u0161\u00ed p\u00e1rty se v posledn\u00ed dob\u011b st\u00e1le v\u00edce po\u0159\u00e1daj\u00ed venku na zahrad\u00e1ch. Pro\u010d t\u0159eba v p\u0159\u00edpad\u011b svateb odzvonilo honosn\u00fdm svatb\u00e1m na nejr\u016fzn\u011bj\u0161\u00edch z\u00e1mc\u00edch \u010di luxusn\u00edch hotel\u00edch? Lid\u00e9 u\u017e necht\u011bj\u00ed sv\u016fj velk\u00fd den pro\u017e\u00edvat obklopeni luxusem a kr\u00e1sou m\u00edst, kter\u00e1 s nimi maj\u00ed pram\u00e1lo spole\u010dn\u00e9ho. Tyto prostory jsou pro v\u011bt\u0161inu mlad\u00fdch [&hellip;]","datePublished":"2019-05-25","dateModified":"2023-04-28","author":{"@type":"Person","@id":"https:\/\/www.compresspr.cz\/author\/#Person","name":"compresspr.cz\n","url":"https:\/\/www.compresspr.cz\/author\/","identifier":1,"image":{"@type":"ImageObject","@id":"https:\/\/secure.gravatar.com\/avatar\/a231d13c7dfc9c75f2343f864438f5ab9c0bfebd1aa37dfd3bb16118c04f838c?s=96&d=mm&r=g","url":"https:\/\/secure.gravatar.com\/avatar\/a231d13c7dfc9c75f2343f864438f5ab9c0bfebd1aa37dfd3bb16118c04f838c?s=96&d=mm&r=g","height":96,"width":96}},"publisher":{"@type":"Organization","name":"compresspr.cz","logo":{"@type":"ImageObject","@id":"\/logo.png","url":"\/logo.png","width":600,"height":60}},"image":{"@type":"ImageObject","@id":"https:\/\/www.compresspr.cz\/wp-content\/uploads\/img_a345009_w1780_t1558795470.jpg","url":"https:\/\/www.compresspr.cz\/wp-content\/uploads\/img_a345009_w1780_t1558795470.jpg","height":0,"width":0},"url":"https:\/\/www.compresspr.cz\/letni-zahradni-slavnosti-jsou-oblibene\/","about":["Kultura"],"wordCount":418,"articleBody":" Nejr\u016fzn\u011bj\u0161\u00ed oslavy svatby nebo jen men\u0161\u00ed p\u00e1rty se v posledn\u00ed dob\u011b st\u00e1le v\u00edce po\u0159\u00e1daj\u00ed venku na zahrad\u00e1ch. Pro\u010d t\u0159eba v p\u0159\u00edpad\u011b svateb odzvonilo honosn\u00fdm svatb\u00e1m na nejr\u016fzn\u011bj\u0161\u00edch z\u00e1mc\u00edch \u010di luxusn\u00edch hotel\u00edch? Lid\u00e9 u\u017e necht\u011bj\u00ed sv\u016fj velk\u00fd den pro\u017e\u00edvat obklopeni luxusem a kr\u00e1sou m\u00edst, kter\u00e1 s nimi maj\u00ed pram\u00e1lo spole\u010dn\u00e9ho. Tyto prostory jsou pro v\u011bt\u0161inu mlad\u00fdch a svobodomysln\u00fdch lid\u00ed br\u00e1ny jako pon\u011bkud se\u0161n\u011brovan\u00e9 a \u0161kroben\u00e9. A kdo by dnes cht\u011bl pro\u017e\u00edvat oslavu sv\u00e9 l\u00e1sky v takov\u00e9m prost\u0159ed\u00ed? Proto u\u017e v\u011bt\u0161ina z nich vol\u00ed variantu letn\u00ed svatby pod \u0161ir\u00fdm nebem s n\u00e1dhern\u00fdm v\u00fdhledem do okoln\u00ed krajiny. Na\u0161t\u011bst\u00ed dnes existuj\u00ed obrovsk\u00e9 p\u00e1rtystany, pod kter\u00e9 se vejde mnohdy i stovka host\u016f, kdyby hrozila mo\u017enost mokr\u00e9 varianty svatby. Akce venku jsou v\u017edy uvoln\u011bn\u011bj\u0161\u00ed, ne\u017e oslavy po\u0159\u00e1dan\u00e9 vevnit\u0159, a to je p\u0159esn\u011b ten d\u016fvod, pro\u010d se rad\u011bji uchylujeme s oslavou \u010dekat na hezk\u00e9 po\u010das\u00ed. Dokonce zn\u00e1m i mnoho lid\u00ed, kte\u0159\u00ed se narodili v zimn\u00edch m\u011bs\u00edc\u00edch, ale sv\u00e9 narozeniny slav\u00ed klidn\u011b i o p\u016fl roku d\u0159\u00edve nebo pozd\u011bji, jen aby si mohli uspo\u0159\u00e1dat letn\u00ed oslavu na zahrad\u011b, kde si ugriluj\u00ed n\u011bjak\u00e9 to sel\u00e1tko nebo jinou dobrotu, nejl\u00e9pe kdy\u017e je u toho je\u0161t\u011b vyh\u0159\u00e1t\u00fd baz\u00e9n, ve kter\u00e9m se d\u00e1 ve\u010der na takov\u00e9 akci zaplavat. S voln\u011bnou atmosf\u00e9rou pod \u0161ir\u00fdm nebem u\u017e st\u00e1le \u010dast\u011bji po\u010d\u00edtaj\u00ed i po\u0159adatel\u00e9 nejr\u016fzn\u011bj\u0161\u00edch hudebn\u00edch, filmov\u00fdch, folkl\u00f3rn\u00edch \u010di jin\u00fdch festival\u016f, se kter\u00fdmi se v posledn\u00edch letech roztrhl pytel. Tak\u00e9 se otv\u00edraj\u00ed nejr\u016fzn\u011bj\u0161\u00ed zahrady, ve kter\u00fdch se po\u0159\u00e1daj\u00ed slavnosti prakticky \u010dehokoli, jen aby byla p\u0159\u00edle\u017eitost se sej\u00edt, pop\u00edt, poslechnout obl\u00edbenou hudbu a dob\u0159e se naj\u00edst. Vlastn\u011b tohle jsou v\u0161echno ty d\u016fvody, pro\u010d se celou zimu t\u011b\u0161\u00edme na l\u00e9to, na tu v\u016fni slunce, tepla a op\u00e9kan\u00fdch bu\u0159t\u016f, kdy tr\u00e1v\u00edme cel\u00fd den venku a doma se objevujeme nejd\u0159\u00edve se setm\u011bn\u00edm a ti mlad\u0161\u00ed z n\u00e1s, a\u017e del\u0161\u00ed dobu po setm\u011bn\u00ed \u010di s rann\u00edm rozb\u0159eskem.                                                                                                                                                                                                                                                                                                                                                                                         3.2\/5 - (4 votes)        "},{"@context":"https:\/\/schema.org\/","@type":"BreadcrumbList","itemListElement":[{"@type":"ListItem","position":1,"name":"Letn\u00ed zahradn\u00ed slavnosti jsou obl\u00edben\u00e9","item":"https:\/\/www.compresspr.cz\/letni-zahradni-slavnosti-jsou-oblibene\/#breadcrumbitem"}]}]