{"@context":"https:\/\/schema.org\/","@type":"CollectionPage","@id":"https:\/\/www.compresspr.cz\/kultura\/#CollectionPage","headline":"Kultura Category","description":"","url":"https:\/\/www.compresspr.cz\/kultura\/","hasPart":[{"@type":"Article","@id":"https:\/\/www.compresspr.cz\/hvezdny-elton-john-konci-s-koncerty\/","headline":"Hv\u011bzdn\u00fd Elton John kon\u010d\u00ed s koncerty!","url":"https:\/\/www.compresspr.cz\/hvezdny-elton-john-konci-s-koncerty\/","datePublished":"2025-03-01","dateModified":"2023-04-28","mainEntityOfPage":"https:\/\/www.compresspr.cz\/hvezdny-elton-john-konci-s-koncerty\/","author":{"@type":"Person","@id":"https:\/\/www.compresspr.cz\/author\/#Person","name":"compresspr.cz\n","url":"https:\/\/www.compresspr.cz\/author\/","identifier":1,"image":{"@type":"ImageObject","@id":"https:\/\/secure.gravatar.com\/avatar\/a231d13c7dfc9c75f2343f864438f5ab9c0bfebd1aa37dfd3bb16118c04f838c?s=96&d=mm&r=g","url":"https:\/\/secure.gravatar.com\/avatar\/a231d13c7dfc9c75f2343f864438f5ab9c0bfebd1aa37dfd3bb16118c04f838c?s=96&d=mm&r=g","height":96,"width":96}},"publisher":{"@type":"Organization","name":"compresspr.cz","logo":{"@type":"ImageObject","@id":"\/logo.png","url":"\/logo.png","width":600,"height":60}},"image":{"@type":"ImageObject","@id":"https:\/\/www.compresspr.cz\/wp-content\/uploads\/img_a307705_w1780_t1518957941.jpg","url":"https:\/\/www.compresspr.cz\/wp-content\/uploads\/img_a307705_w1780_t1518957941.jpg","height":0,"width":0},"keywords":null},{"@type":"Article","@id":"https:\/\/www.compresspr.cz\/katastrofa-na-platne\/","headline":"Katastrofa na pl\u00e1tn\u011b","url":"https:\/\/www.compresspr.cz\/katastrofa-na-platne\/","datePublished":"2023-04-28","dateModified":"2023-04-28","mainEntityOfPage":"https:\/\/www.compresspr.cz\/katastrofa-na-platne\/","author":{"@type":"Person","@id":"https:\/\/www.compresspr.cz\/author\/#Person","name":"compresspr.cz\n","url":"https:\/\/www.compresspr.cz\/author\/","identifier":1,"image":{"@type":"ImageObject","@id":"https:\/\/secure.gravatar.com\/avatar\/a231d13c7dfc9c75f2343f864438f5ab9c0bfebd1aa37dfd3bb16118c04f838c?s=96&d=mm&r=g","url":"https:\/\/secure.gravatar.com\/avatar\/a231d13c7dfc9c75f2343f864438f5ab9c0bfebd1aa37dfd3bb16118c04f838c?s=96&d=mm&r=g","height":96,"width":96}},"publisher":{"@type":"Organization","name":"compresspr.cz","logo":{"@type":"ImageObject","@id":"\/logo.png","url":"\/logo.png","width":600,"height":60}},"image":null,"keywords":null},{"@type":"Article","@id":"https:\/\/www.compresspr.cz\/zdena-tominova-zena-ktera-trpela-pro-demokracii\/","headline":"Zdena Tominov\u00e1: \u017dena, kter\u00e1 trp\u011bla pro demokracii","url":"https:\/\/www.compresspr.cz\/zdena-tominova-zena-ktera-trpela-pro-demokracii\/","datePublished":"2023-04-28","dateModified":"2023-04-28","mainEntityOfPage":"https:\/\/www.compresspr.cz\/zdena-tominova-zena-ktera-trpela-pro-demokracii\/","author":{"@type":"Person","@id":"https:\/\/www.compresspr.cz\/author\/#Person","name":"compresspr.cz\n","url":"https:\/\/www.compresspr.cz\/author\/","identifier":1,"image":{"@type":"ImageObject","@id":"https:\/\/secure.gravatar.com\/avatar\/a231d13c7dfc9c75f2343f864438f5ab9c0bfebd1aa37dfd3bb16118c04f838c?s=96&d=mm&r=g","url":"https:\/\/secure.gravatar.com\/avatar\/a231d13c7dfc9c75f2343f864438f5ab9c0bfebd1aa37dfd3bb16118c04f838c?s=96&d=mm&r=g","height":96,"width":96}},"publisher":{"@type":"Organization","name":"compresspr.cz","logo":{"@type":"ImageObject","@id":"\/logo.png","url":"\/logo.png","width":600,"height":60}},"image":null,"keywords":null},{"@type":"Article","@id":"https:\/\/www.compresspr.cz\/prochazka-na-stedry-den-v-pardubicich\/","headline":"Proch\u00e1zka na \u0160t\u011bdr\u00fd den v Pardubic\u00edch","url":"https:\/\/www.compresspr.cz\/prochazka-na-stedry-den-v-pardubicich\/","datePublished":"2023-04-28","dateModified":"2023-04-28","mainEntityOfPage":"https:\/\/www.compresspr.cz\/prochazka-na-stedry-den-v-pardubicich\/","author":{"@type":"Person","@id":"https:\/\/www.compresspr.cz\/author\/#Person","name":"compresspr.cz\n","url":"https:\/\/www.compresspr.cz\/author\/","identifier":1,"image":{"@type":"ImageObject","@id":"https:\/\/secure.gravatar.com\/avatar\/a231d13c7dfc9c75f2343f864438f5ab9c0bfebd1aa37dfd3bb16118c04f838c?s=96&d=mm&r=g","url":"https:\/\/secure.gravatar.com\/avatar\/a231d13c7dfc9c75f2343f864438f5ab9c0bfebd1aa37dfd3bb16118c04f838c?s=96&d=mm&r=g","height":96,"width":96}},"publisher":{"@type":"Organization","name":"compresspr.cz","logo":{"@type":"ImageObject","@id":"\/logo.png","url":"\/logo.png","width":600,"height":60}},"image":null,"keywords":null},{"@type":"Article","@id":"https:\/\/www.compresspr.cz\/festival-scandi-v-ceskych-mestech\/","headline":"Festival Scandi v \u010desk\u00fdch m\u011bstech!","url":"https:\/\/www.compresspr.cz\/festival-scandi-v-ceskych-mestech\/","datePublished":"2023-04-28","dateModified":"2023-04-28","mainEntityOfPage":"https:\/\/www.compresspr.cz\/festival-scandi-v-ceskych-mestech\/","author":{"@type":"Person","@id":"https:\/\/www.compresspr.cz\/author\/#Person","name":"compresspr.cz\n","url":"https:\/\/www.compresspr.cz\/author\/","identifier":1,"image":{"@type":"ImageObject","@id":"https:\/\/secure.gravatar.com\/avatar\/a231d13c7dfc9c75f2343f864438f5ab9c0bfebd1aa37dfd3bb16118c04f838c?s=96&d=mm&r=g","url":"https:\/\/secure.gravatar.com\/avatar\/a231d13c7dfc9c75f2343f864438f5ab9c0bfebd1aa37dfd3bb16118c04f838c?s=96&d=mm&r=g","height":96,"width":96}},"publisher":{"@type":"Organization","name":"compresspr.cz","logo":{"@type":"ImageObject","@id":"\/logo.png","url":"\/logo.png","width":600,"height":60}},"image":null,"keywords":null},{"@type":"Article","@id":"https:\/\/www.compresspr.cz\/milujete-nebo-nenavidite-vanocni-songy\/","headline":"Milujete nebo nen\u00e1vid\u00edte v\u00e1no\u010dn\u00ed songy?","url":"https:\/\/www.compresspr.cz\/milujete-nebo-nenavidite-vanocni-songy\/","datePublished":"2023-04-28","dateModified":"2023-04-28","mainEntityOfPage":"https:\/\/www.compresspr.cz\/milujete-nebo-nenavidite-vanocni-songy\/","author":{"@type":"Person","@id":"https:\/\/www.compresspr.cz\/author\/#Person","name":"compresspr.cz\n","url":"https:\/\/www.compresspr.cz\/author\/","identifier":1,"image":{"@type":"ImageObject","@id":"https:\/\/secure.gravatar.com\/avatar\/a231d13c7dfc9c75f2343f864438f5ab9c0bfebd1aa37dfd3bb16118c04f838c?s=96&d=mm&r=g","url":"https:\/\/secure.gravatar.com\/avatar\/a231d13c7dfc9c75f2343f864438f5ab9c0bfebd1aa37dfd3bb16118c04f838c?s=96&d=mm&r=g","height":96,"width":96}},"publisher":{"@type":"Organization","name":"compresspr.cz","logo":{"@type":"ImageObject","@id":"\/logo.png","url":"\/logo.png","width":600,"height":60}},"image":null,"keywords":null},{"@type":"Article","@id":"https:\/\/www.compresspr.cz\/at-vas-nic-nezaskoci\/","headline":"A\u0165 V\u00e1s nic nezasko\u010d\u00ed","url":"https:\/\/www.compresspr.cz\/at-vas-nic-nezaskoci\/","datePublished":"2019-09-10","dateModified":"2023-04-28","mainEntityOfPage":"https:\/\/www.compresspr.cz\/at-vas-nic-nezaskoci\/","author":{"@type":"Person","@id":"https:\/\/www.compresspr.cz\/author\/#Person","name":"compresspr.cz\n","url":"https:\/\/www.compresspr.cz\/author\/","identifier":1,"image":{"@type":"ImageObject","@id":"https:\/\/secure.gravatar.com\/avatar\/a231d13c7dfc9c75f2343f864438f5ab9c0bfebd1aa37dfd3bb16118c04f838c?s=96&d=mm&r=g","url":"https:\/\/secure.gravatar.com\/avatar\/a231d13c7dfc9c75f2343f864438f5ab9c0bfebd1aa37dfd3bb16118c04f838c?s=96&d=mm&r=g","height":96,"width":96}},"publisher":{"@type":"Organization","name":"compresspr.cz","logo":{"@type":"ImageObject","@id":"\/logo.png","url":"\/logo.png","width":600,"height":60}},"image":{"@type":"ImageObject","@id":"https:\/\/www.compresspr.cz\/wp-content\/uploads\/img_a350778_w1740_t1565612933.jpg","url":"https:\/\/www.compresspr.cz\/wp-content\/uploads\/img_a350778_w1740_t1565612933.jpg","height":0,"width":0},"keywords":null},{"@type":"Article","@id":"https:\/\/www.compresspr.cz\/odpocinek-i-zabavne-vylety-behem-adventnich-vikendu\/","headline":"Odpo\u010dinek i z\u00e1bavn\u00e9 v\u00fdlety b\u011bhem adventn\u00edch v\u00edkend\u016f","url":"https:\/\/www.compresspr.cz\/odpocinek-i-zabavne-vylety-behem-adventnich-vikendu\/","datePublished":"2019-08-24","dateModified":"2023-04-28","mainEntityOfPage":"https:\/\/www.compresspr.cz\/odpocinek-i-zabavne-vylety-behem-adventnich-vikendu\/","author":{"@type":"Person","@id":"https:\/\/www.compresspr.cz\/author\/#Person","name":"compresspr.cz\n","url":"https:\/\/www.compresspr.cz\/author\/","identifier":1,"image":{"@type":"ImageObject","@id":"https:\/\/secure.gravatar.com\/avatar\/a231d13c7dfc9c75f2343f864438f5ab9c0bfebd1aa37dfd3bb16118c04f838c?s=96&d=mm&r=g","url":"https:\/\/secure.gravatar.com\/avatar\/a231d13c7dfc9c75f2343f864438f5ab9c0bfebd1aa37dfd3bb16118c04f838c?s=96&d=mm&r=g","height":96,"width":96}},"publisher":{"@type":"Organization","name":"compresspr.cz","logo":{"@type":"ImageObject","@id":"\/logo.png","url":"\/logo.png","width":600,"height":60}},"image":{"@type":"ImageObject","@id":"https:\/\/www.compresspr.cz\/wp-content\/uploads\/img_a358532_w1780_t1572938412.jpg","url":"https:\/\/www.compresspr.cz\/wp-content\/uploads\/img_a358532_w1780_t1572938412.jpg","height":0,"width":0},"keywords":null},{"@type":"Article","@id":"https:\/\/www.compresspr.cz\/dva-slavni-muzikanti-kteri-zemreli-prilis-mladi\/","headline":"Dva slavn\u00ed muzikanti, kte\u0159\u00ed zem\u0159eli p\u0159\u00edli\u0161 mlad\u00ed","url":"https:\/\/www.compresspr.cz\/dva-slavni-muzikanti-kteri-zemreli-prilis-mladi\/","datePublished":"2019-06-12","dateModified":"2023-04-28","mainEntityOfPage":"https:\/\/www.compresspr.cz\/dva-slavni-muzikanti-kteri-zemreli-prilis-mladi\/","author":{"@type":"Person","@id":"https:\/\/www.compresspr.cz\/author\/#Person","name":"compresspr.cz\n","url":"https:\/\/www.compresspr.cz\/author\/","identifier":1,"image":{"@type":"ImageObject","@id":"https:\/\/secure.gravatar.com\/avatar\/a231d13c7dfc9c75f2343f864438f5ab9c0bfebd1aa37dfd3bb16118c04f838c?s=96&d=mm&r=g","url":"https:\/\/secure.gravatar.com\/avatar\/a231d13c7dfc9c75f2343f864438f5ab9c0bfebd1aa37dfd3bb16118c04f838c?s=96&d=mm&r=g","height":96,"width":96}},"publisher":{"@type":"Organization","name":"compresspr.cz","logo":{"@type":"ImageObject","@id":"\/logo.png","url":"\/logo.png","width":600,"height":60}},"image":{"@type":"ImageObject","@id":"https:\/\/www.compresspr.cz\/wp-content\/uploads\/img_a349009_w1780_t1563721705.jpg","url":"https:\/\/www.compresspr.cz\/wp-content\/uploads\/img_a349009_w1780_t1563721705.jpg","height":0,"width":0},"keywords":null},{"@type":"Article","@id":"https:\/\/www.compresspr.cz\/letni-zahradni-slavnosti-jsou-oblibene\/","headline":"Letn\u00ed zahradn\u00ed slavnosti jsou obl\u00edben\u00e9","url":"https:\/\/www.compresspr.cz\/letni-zahradni-slavnosti-jsou-oblibene\/","datePublished":"2019-05-25","dateModified":"2023-04-28","mainEntityOfPage":"https:\/\/www.compresspr.cz\/letni-zahradni-slavnosti-jsou-oblibene\/","author":{"@type":"Person","@id":"https:\/\/www.compresspr.cz\/author\/#Person","name":"compresspr.cz\n","url":"https:\/\/www.compresspr.cz\/author\/","identifier":1,"image":{"@type":"ImageObject","@id":"https:\/\/secure.gravatar.com\/avatar\/a231d13c7dfc9c75f2343f864438f5ab9c0bfebd1aa37dfd3bb16118c04f838c?s=96&d=mm&r=g","url":"https:\/\/secure.gravatar.com\/avatar\/a231d13c7dfc9c75f2343f864438f5ab9c0bfebd1aa37dfd3bb16118c04f838c?s=96&d=mm&r=g","height":96,"width":96}},"publisher":{"@type":"Organization","name":"compresspr.cz","logo":{"@type":"ImageObject","@id":"\/logo.png","url":"\/logo.png","width":600,"height":60}},"image":{"@type":"ImageObject","@id":"https:\/\/www.compresspr.cz\/wp-content\/uploads\/img_a345009_w1780_t1558795470.jpg","url":"https:\/\/www.compresspr.cz\/wp-content\/uploads\/img_a345009_w1780_t1558795470.jpg","height":0,"width":0},"keywords":null}]}