[{"@context":"https:\/\/schema.org\/","@type":"Article","@id":"https:\/\/www.compresspr.cz\/kdyz-leto-konci\/#Article","mainEntityOfPage":"https:\/\/www.compresspr.cz\/kdyz-leto-konci\/","headline":"Kdy\u017e l\u00e9to kon\u010d\u00ed","name":"Kdy\u017e l\u00e9to kon\u010d\u00ed","description":"Pr\u00e1v\u011b m\u00e1me za sebou letn\u00ed pr\u00e1zdniny, ani se nenad\u011bjeme a jsou zde V\u00e1noce. V\u00e1\u017en\u011b si ale mysl\u00edte, \u017ee na l\u00e9to m\u016f\u017eeme na t\u0159i \u010dtvrtiny roku zapomenout a vodn\u00ed v\u00fdbavu za\u010d\u00edt sh\u00e1n\u011bt a\u017e nap\u0159esrok? Kdepak! Pr\u00e1v\u011b nyn\u00ed je ta nejvhodn\u011bj\u0161\u00ed doba na to, abychom za\u010dali pl\u00e1novat p\u0159\u00ed\u0161t\u00ed letn\u00ed sez\u00f3nu. Po\u0159i\u010fte si v\u00fdbavu ji\u017e nyn\u00ed, a\u0165 m\u00e1te [&hellip;]","datePublished":"2025-08-30","dateModified":"2025-08-30","author":{"@type":"Person","@id":"https:\/\/www.compresspr.cz\/author\/#Person","name":"compresspr.cz\n","url":"https:\/\/www.compresspr.cz\/author\/","identifier":1,"image":{"@type":"ImageObject","@id":"https:\/\/secure.gravatar.com\/avatar\/a231d13c7dfc9c75f2343f864438f5ab9c0bfebd1aa37dfd3bb16118c04f838c?s=96&d=mm&r=g","url":"https:\/\/secure.gravatar.com\/avatar\/a231d13c7dfc9c75f2343f864438f5ab9c0bfebd1aa37dfd3bb16118c04f838c?s=96&d=mm&r=g","height":96,"width":96}},"publisher":{"@type":"Organization","name":"compresspr.cz","logo":{"@type":"ImageObject","@id":"\/logo.png","url":"\/logo.png","width":600,"height":60}},"url":"https:\/\/www.compresspr.cz\/kdyz-leto-konci\/","wordCount":264,"articleBody":"Pr\u00e1v\u011b m\u00e1me za sebou letn\u00ed pr\u00e1zdniny, ani se nenad\u011bjeme a jsou zde V\u00e1noce. V\u00e1\u017en\u011b si ale mysl\u00edte, \u017ee na l\u00e9to m\u016f\u017eeme na t\u0159i \u010dtvrtiny roku zapomenout a vodn\u00ed v\u00fdbavu za\u010d\u00edt sh\u00e1n\u011bt a\u017e nap\u0159esrok? Kdepak! Pr\u00e1v\u011b nyn\u00ed je ta nejvhodn\u011bj\u0161\u00ed doba na to, abychom za\u010dali pl\u00e1novat p\u0159\u00ed\u0161t\u00ed letn\u00ed sez\u00f3nu. Po\u0159i\u010fte si v\u00fdbavu ji\u017e nyn\u00ed, a\u0165 m\u00e1te v\u0161e v\u010das pod st\u0159echou a m\u016f\u017eete se jen t\u011b\u0161it. V\u011bzte, \u017ee Va\u0161e dal\u0161\u00ed pr\u00e1zdniny pro\u017eijete skute\u010dn\u011b ve velk\u00e9m stylu. Sta\u010d\u00ed k tomu zn\u00e1t tu spr\u00e1vnou adresu pro sv\u00e9 n\u00e1kupy, adresu, kter\u00e1 V\u00e1s nejen inspiruje, ale kde si v\u0161e m\u016f\u017eete rovnou i po\u0159\u00eddit za bezkonkuren\u010dn\u00ed ceny. T\u011b\u0161te se na dal\u0161\u00ed Zapome\u0148te na l\u00e9to str\u00e1ven\u00e9 pl\u00e1c\u00e1n\u00edm u rybn\u00edka. Po\u0159i\u010fte si ji\u017e kone\u010dn\u011b to, po \u010dem ji\u017e l\u00e9ta tou\u017e\u00edte. Pokud pokukujete po nafukovac\u00edm \u010dlunu, pr\u00e1v\u011b nyn\u00ed m\u00e1te dostatek \u010dasu na v\u00fdb\u011br a po\u0159\u00edzen\u00ed toho sv\u00e9ho vysn\u011bn\u00e9ho. Nespokojte se s d\u011btskou hra\u010dkou, po\u0159i\u010fte si takov\u00fd, kter\u00fd V\u00e1m umo\u017en\u00ed podnikat i po\u0159\u00e1dn\u00e9 vyj\u00ed\u017e\u010fky, mo\u017en\u00e1 si po\u0159\u00edd\u00edte i n\u011bkter\u00e9 vodn\u00ed hra\u010dky, mo\u017en\u00e1 nakonec vod\u011b p\u0159ijdete tolik na chu\u0165, \u017ee se d\u00e1te na ryba\u0159en\u00ed a budete vyr\u00e1\u017eet k vod\u011b po cel\u00fd rok.                                                                                                                                                                                                                                                                                                                                                                                                "},{"@context":"https:\/\/schema.org\/","@type":"BreadcrumbList","itemListElement":[{"@type":"ListItem","position":1,"name":"Kdy\u017e l\u00e9to kon\u010d\u00ed","item":"https:\/\/www.compresspr.cz\/kdyz-leto-konci\/#breadcrumbitem"}]}]