[{"@context":"https:\/\/schema.org\/","@type":"Article","@id":"https:\/\/www.compresspr.cz\/idealni-nabytek-do-mensich-bytu\/#Article","mainEntityOfPage":"https:\/\/www.compresspr.cz\/idealni-nabytek-do-mensich-bytu\/","headline":"Ide\u00e1ln\u00ed n\u00e1bytek do men\u0161\u00edch byt\u016f","name":"Ide\u00e1ln\u00ed n\u00e1bytek do men\u0161\u00edch byt\u016f","description":"V p\u0159\u00edpad\u011b, \u017ee pat\u0159\u00edte mezi pom\u011brn\u011b velkou skupinu lid\u00ed, kte\u0159\u00ed maj\u00ed to \u201e\u0161t\u011bst\u00ed\u201c bydlet v mal\u00e9m byt\u011b i dokonce v garsonce, mo\u017en\u00e1 ocen\u00edte mo\u017enost zv\u011bt\u0161it si alespo\u0148 o n\u011bco m\u00e1lo sv\u016fj domov. Prostor nav\u00edc se v\u017edycky hod\u00ed, ne \u017ee ne, a to i kdy\u017e bydl\u00edte sami. Pokud je v\u00e1s v\u0161ak v dom\u00e1cnosti v\u00edce a vy [&hellip;]","datePublished":"2019-07-06","dateModified":"2023-04-28","author":{"@type":"Person","@id":"https:\/\/www.compresspr.cz\/author\/#Person","name":"compresspr.cz\n","url":"https:\/\/www.compresspr.cz\/author\/","identifier":1,"image":{"@type":"ImageObject","@id":"https:\/\/secure.gravatar.com\/avatar\/a231d13c7dfc9c75f2343f864438f5ab9c0bfebd1aa37dfd3bb16118c04f838c?s=96&d=mm&r=g","url":"https:\/\/secure.gravatar.com\/avatar\/a231d13c7dfc9c75f2343f864438f5ab9c0bfebd1aa37dfd3bb16118c04f838c?s=96&d=mm&r=g","height":96,"width":96}},"publisher":{"@type":"Organization","name":"compresspr.cz","logo":{"@type":"ImageObject","@id":"\/logo.png","url":"\/logo.png","width":600,"height":60}},"image":{"@type":"ImageObject","@id":"https:\/\/www.compresspr.cz\/wp-content\/uploads\/img_a360511_w1780_t1574173095.jpg","url":"https:\/\/www.compresspr.cz\/wp-content\/uploads\/img_a360511_w1780_t1574173095.jpg","height":0,"width":0},"url":"https:\/\/www.compresspr.cz\/idealni-nabytek-do-mensich-bytu\/","about":["N\u00e1kupy"],"wordCount":427,"articleBody":"        V p\u0159\u00edpad\u011b, \u017ee pat\u0159\u00edte mezi pom\u011brn\u011b velkou skupinu lid\u00ed, kte\u0159\u00ed maj\u00ed to \u201e\u0161t\u011bst\u00ed\u201c bydlet v mal\u00e9m byt\u011b i dokonce v garsonce, mo\u017en\u00e1 ocen\u00edte mo\u017enost zv\u011bt\u0161it si alespo\u0148 o n\u011bco m\u00e1lo sv\u016fj domov. Prostor nav\u00edc se v\u017edycky hod\u00ed, ne \u017ee ne, a to i kdy\u017e bydl\u00edte sami. Pokud je v\u00e1s v\u0161ak v dom\u00e1cnosti v\u00edce a vy u\u017e nev\u00edte, jak si vytvo\u0159it soukrom\u00ed, je mo\u017en\u00e1 ten nejlep\u0161\u00ed \u010das na tom trochu zapracovat. Nen\u00ed nezbytn\u00e9 se st\u011bhovat, ani p\u0159istavovat, a dokonce ani vyhazovat v\u0161echno krom\u011b postele. Vyhazovat se pravda bude, ov\u0161em ne v\u0161e. Pry\u010d m\u011bly j\u00edt pouze sk\u0159\u00edn\u011b, kter\u00e9 dok\u00e1\u017e\u00ed zabrat opravdu hodn\u011b m\u00edsta. Jedn\u00e1 se ov\u0161em o velice u\u017eite\u010dn\u00fd druh n\u00e1bytku, bez kter\u00e9ho byste se nejsp\u00ed\u0161e neobe\u0161li. Z toho d\u016fvodu byste je m\u011bli pouze vym\u011bnit za daleko prakti\u010dt\u011bj\u0161\u00ed sk\u0159\u00edn\u011b na m\u00edru Sten. Pro\u010d ale m\u011bnit jeden n\u00e1bytek za druh\u00fd, kter\u00fd je v podstat\u011b stejn\u00fd? Vtip je v tom, \u017ee stejn\u00fd nen\u00ed, je vestav\u011bn\u00fd. Modern\u00ed design Vestav\u011bn\u00fd n\u00e1bytek nen\u00ed ani u n\u00e1s \u017e\u00e1dnou velkou novinkou. Na z\u00e1pad\u011b od na\u0161ich je standardem ji\u017e n\u011bkolik desetilet\u00ed, ale je pravda, \u017ee standardem, o kter\u00fd nebyl zas takov\u00fd z\u00e1jem jako je dnes. P\u0159\u00ed\u010din je v\u00edce. Mezi ty hlavn\u00ed pat\u0159\u00ed rozhodn\u011b nedostatek velk\u00fdch obytn\u00fdch prostor a tak\u00e9 nov\u00e1 m\u00f3dn\u00ed vlna v r\u00e1mci bytov\u00e9 architektury, kter\u00e1 raz\u00ed heslo \u201e\u010d\u00edm m\u00e9n\u011b, t\u00edm v\u00edce\u201c. Plat\u00ed to nejen pro klasick\u00e9 dekorace typu obrazy nebo zdobn\u00e9 so\u0161ky, ale rovn\u011b\u017e i pro n\u00e1bytek. Toho by m\u011blo b\u00fdt co nejm\u00e9n\u011b a pokud, tak by m\u011bl b\u00fdt alespo\u0148 umn\u011b ukryt. A to je pr\u00e1v\u011b p\u0159\u00edpad vestav\u011bn\u00fdch sk\u0159\u00edn\u00ed na m\u00edru, kter\u00e9 se umis\u0165uj\u00ed do st\u011bn. Jak u\u017e m\u016f\u017ee b\u00fdt z n\u00e1zvu patrn\u00e9, tento n\u00e1bytek si nekoup\u00edte ji\u017e vyroben\u00fd, alespo\u0148 tedy v\u011bt\u0161inou ne. Je nutn\u00e9 ho vyrobit na zak\u00e1zku, jinak by ve va\u0161\u00ed dom\u00e1cnosti zcela jist\u011b nepasoval. St\u011bny mus\u00ed b\u00fdt ze v\u0161eho nejd\u0159\u00edve prom\u011b\u0159eny a n\u00e1sledn\u011b dle zji\u0161t\u011bn\u00fdch m\u00edr pak pokra\u010dovat v n\u00e1vrhu a n\u00e1sledn\u011b i samotn\u00e9 v\u00fdrob\u011b. Zn\u00ed to trochu komplikovan\u011b, ale jedn\u00e1 se o pom\u011brn\u011b bleskov\u00fd proces.                                                                                                                                                                                                                                                                                                                                                                                          5\/5 - (3 votes)        "},{"@context":"https:\/\/schema.org\/","@type":"BreadcrumbList","itemListElement":[{"@type":"ListItem","position":1,"name":"Ide\u00e1ln\u00ed n\u00e1bytek do men\u0161\u00edch byt\u016f","item":"https:\/\/www.compresspr.cz\/idealni-nabytek-do-mensich-bytu\/#breadcrumbitem"}]}]