[{"@context":"https:\/\/schema.org\/","@type":"Article","@id":"https:\/\/www.compresspr.cz\/hvezdny-elton-john-konci-s-koncerty\/#Article","mainEntityOfPage":"https:\/\/www.compresspr.cz\/hvezdny-elton-john-konci-s-koncerty\/","headline":"Hv\u011bzdn\u00fd Elton John kon\u010d\u00ed s koncerty!","name":"Hv\u011bzdn\u00fd Elton John kon\u010d\u00ed s koncerty!","description":"Na konci ledna 2018 ozn\u00e1mil zp\u011bv\u00e1k Elton John pro n\u011bkoho mo\u017en\u00e1 \u0161okuj\u00edc\u00ed pro n\u011bkoho sp\u00ed\u0161 mo\u017en\u00e1 smutnou zpr\u00e1vu, \u017ee se chyst\u00e1 skon\u010dit s\u00a0koncertov\u00e1n\u00edm. Stane se tak t\u00e9m\u011b\u0159 po pades\u00e1ti letech koncertov\u00e1n\u00ed. Rozlou\u010den\u00ed bude opravdu grandi\u00f3zn\u00ed, nebo\u0165 jeho z\u00e1v\u011bre\u010dn\u00e9 turn\u00e9 bude trvat n\u011bkolik m\u011bs\u00edc\u016f, b\u011bhem kter\u00fdch se p\u0159edstav\u00ed v\u00a0\u0159ad\u011b zem\u00ed. Mezi n\u011b\u017e se k\u00a0radosti \u010desk\u00e9ho fanou\u0161ka [&hellip;]","datePublished":"2025-03-01","dateModified":"2023-04-28","author":{"@type":"Person","@id":"https:\/\/www.compresspr.cz\/author\/#Person","name":"compresspr.cz\n","url":"https:\/\/www.compresspr.cz\/author\/","identifier":1,"image":{"@type":"ImageObject","@id":"https:\/\/secure.gravatar.com\/avatar\/a231d13c7dfc9c75f2343f864438f5ab9c0bfebd1aa37dfd3bb16118c04f838c?s=96&d=mm&r=g","url":"https:\/\/secure.gravatar.com\/avatar\/a231d13c7dfc9c75f2343f864438f5ab9c0bfebd1aa37dfd3bb16118c04f838c?s=96&d=mm&r=g","height":96,"width":96}},"publisher":{"@type":"Organization","name":"compresspr.cz","logo":{"@type":"ImageObject","@id":"\/logo.png","url":"\/logo.png","width":600,"height":60}},"image":{"@type":"ImageObject","@id":"https:\/\/www.compresspr.cz\/wp-content\/uploads\/img_a307705_w1780_t1518957941.jpg","url":"https:\/\/www.compresspr.cz\/wp-content\/uploads\/img_a307705_w1780_t1518957941.jpg","height":0,"width":0},"url":"https:\/\/www.compresspr.cz\/hvezdny-elton-john-konci-s-koncerty\/","about":["Kultura"],"wordCount":392,"articleBody":"Na konci ledna 2018 ozn\u00e1mil zp\u011bv\u00e1k Elton John pro n\u011bkoho mo\u017en\u00e1 \u0161okuj\u00edc\u00ed pro n\u011bkoho sp\u00ed\u0161 mo\u017en\u00e1 smutnou zpr\u00e1vu, \u017ee se chyst\u00e1 skon\u010dit s\u00a0koncertov\u00e1n\u00edm. Stane se tak t\u00e9m\u011b\u0159 po pades\u00e1ti letech koncertov\u00e1n\u00ed. Rozlou\u010den\u00ed bude opravdu grandi\u00f3zn\u00ed, nebo\u0165 jeho z\u00e1v\u011bre\u010dn\u00e9 turn\u00e9 bude trvat n\u011bkolik m\u011bs\u00edc\u016f, b\u011bhem kter\u00fdch se p\u0159edstav\u00ed v\u00a0\u0159ad\u011b zem\u00ed.Mezi n\u011b\u017e se k\u00a0radosti \u010desk\u00e9ho fanou\u0161ka \u0159ad\u00ed i \u010cesk\u00e1 republika. V\u00a0Praze tak sir Elton John naposledy usedne ke koncertn\u00edmu k\u0159\u00eddlu 7. kv\u011btna 2019 v\u00a0pra\u017esk\u00e9 O2 ar\u00e9n\u011b. Vstupenky jsou ji\u017e v\u00a0prodeji a miz\u00ed rychlost\u00ed blesku, tak\u017ee pokud si nechcete toto vystoupen\u00ed nechat uj\u00edt, za\u010dn\u011bte se sh\u00e1n\u011bn\u00edm vstupenek ihned.\tPosledn\u00ed turn\u00e9 bude trvat t\u00e9m\u011b\u0159 t\u0159i roky!\u00a0Britsk\u00fd hudebn\u00edk m\u00e1 v\u00a0pl\u00e1nu b\u011bhem t\u0159\u00edlet\u00e9ho turn\u00e9 koncertovat na v\u0161ech kontinentech a sv\u00fdm fanou\u0161k\u016fm slibuje neuv\u011b\u0159iteln\u011b velkolepou show, b\u011bhem kter\u00e9 zazn\u00ed jeho nejv\u011bt\u0161\u00ed hity, jako jsou Rocket Man, Daniel, Can You Feel The Love Tonight nebo Crocodile Rock. Po zve\u0159ejn\u011bn\u00ed t\u00e9to informace se ihned vyrojily spekulace ohledn\u011b zp\u011bv\u00e1kova zdravotn\u00edho stavu. On s\u00e1m v\u0161ak zd\u016fraznil, \u017ee za jeho rozhodnut\u00edm stoj\u00ed zm\u011bna priorit. Tou hlavn\u00ed je pro n\u011bj rodina, tedy partner David Furnish a d\u011bti, kter\u00e9 spole\u010dn\u011b vychov\u00e1vaj\u00ed.Jeho p\u00edse\u0148 Candle In The Wind, kterou slo\u017eil jako vzpom\u00ednku na tragicky zesnulou princeznu Dianu, se stala v\u016fbec nejprod\u00e1van\u011bj\u0161\u00edm singlem v\u0161ech dob. Je v\u00edcem\u00e9n\u011b jasn\u00e9, \u017ee zazn\u00ed i na posledn\u00edm pra\u017esk\u00e9m koncertu. Naposledy se \u010desk\u00e9mu div\u00e1kovi sir Elton John p\u0159edstavil na sklonku roku 2016. Jeho v\u00edce jak dvouhodinov\u00fd koncert svou energi\u00ed div\u00e1ky strhnul. Voln\u011bj\u0161\u00ed i rockov\u011bj\u0161\u00ed hity a nezam\u011bniteln\u00fd hlas zp\u011bv\u00e1ka sed\u00edc\u00edho po celou dobu za velk\u00fdm koncertn\u00edm k\u0159\u00eddlem to jsou hlavn\u00ed atributy skv\u011bl\u00e9ho nezapomenuteln\u00e9ho z\u00e1\u017eitku. Prov\u011b\u0159en\u00e9 pecky hraje spole\u010dn\u011b s\u00a0Eltonem skv\u011ble sehran\u00e1 kapela. Za bic\u00edmi sed\u00ed Nigel Olsson, kter\u00fd mistra doprov\u00e1z\u00ed ji\u017e od sedmdes\u00e1t\u00fdch let minul\u00e9ho stolet\u00ed.\u00a0\u00a0\u00a0                                                                                                                                                                                                                                                                                                                                                                                        4\/5 - (2 votes)        "},{"@context":"https:\/\/schema.org\/","@type":"BreadcrumbList","itemListElement":[{"@type":"ListItem","position":1,"name":"Hv\u011bzdn\u00fd Elton John kon\u010d\u00ed s koncerty!","item":"https:\/\/www.compresspr.cz\/hvezdny-elton-john-konci-s-koncerty\/#breadcrumbitem"}]}]