[{"@context":"https:\/\/schema.org\/","@type":"Article","@id":"https:\/\/www.compresspr.cz\/cim-vybavit-kancelare\/#Article","mainEntityOfPage":"https:\/\/www.compresspr.cz\/cim-vybavit-kancelare\/","headline":"\u010c\u00edm vybavit kancel\u00e1\u0159e","name":"\u010c\u00edm vybavit kancel\u00e1\u0159e","description":"Kancel\u00e1\u0159 by m\u011bla b\u00fdt za\u0159\u00edzena tak, aby se v n\u00ed zam\u011bstnanci c\u00edtili dob\u0159e a p\u0159\u00edjemn\u011b.Pracovn\u00ed prost\u0159ed\u00ed ovliv\u0148uje v podstatn\u00e9 m\u00ed\u0159e jejich pracovn\u00ed v\u00fdkon. A t\u00edm i \u00fasp\u011b\u0161n\u00e9 fungov\u00e1n\u00ed firmy. Proto je pot\u0159eba v ka\u017ed\u00e9 kancel\u00e1\u0159i zajistit:dostatek denn\u00edho sv\u011btla a osv\u011btlen\u00ed\u00a0 &#8211; a podle jejich intenzity spr\u00e1vn\u011b rozm\u00edstit kancel\u00e1\u0159sk\u00e9 stolykancel\u00e1\u0159skou techniku \u2013 nezbytnou pro plynul\u00fd chod [&hellip;]","datePublished":"2025-03-02","dateModified":"2023-04-28","author":{"@type":"Person","@id":"https:\/\/www.compresspr.cz\/author\/#Person","name":"compresspr.cz\n","url":"https:\/\/www.compresspr.cz\/author\/","identifier":1,"image":{"@type":"ImageObject","@id":"https:\/\/secure.gravatar.com\/avatar\/a231d13c7dfc9c75f2343f864438f5ab9c0bfebd1aa37dfd3bb16118c04f838c?s=96&d=mm&r=g","url":"https:\/\/secure.gravatar.com\/avatar\/a231d13c7dfc9c75f2343f864438f5ab9c0bfebd1aa37dfd3bb16118c04f838c?s=96&d=mm&r=g","height":96,"width":96}},"publisher":{"@type":"Organization","name":"compresspr.cz","logo":{"@type":"ImageObject","@id":"\/logo.png","url":"\/logo.png","width":600,"height":60}},"image":{"@type":"ImageObject","@id":"https:\/\/www.compresspr.cz\/wp-content\/uploads\/img_a302093_w1780_t1512057810.png","url":"https:\/\/www.compresspr.cz\/wp-content\/uploads\/img_a302093_w1780_t1512057810.png","height":0,"width":0},"url":"https:\/\/www.compresspr.cz\/cim-vybavit-kancelare\/","about":["N\u00e1kupy"],"wordCount":397,"articleBody":"Kancel\u00e1\u0159 by m\u011bla b\u00fdt za\u0159\u00edzena tak, aby se v n\u00ed zam\u011bstnanci c\u00edtili dob\u0159e a p\u0159\u00edjemn\u011b.Pracovn\u00ed prost\u0159ed\u00ed ovliv\u0148uje v podstatn\u00e9 m\u00ed\u0159e jejich pracovn\u00ed v\u00fdkon. A t\u00edm i \u00fasp\u011b\u0161n\u00e9 fungov\u00e1n\u00ed firmy. Proto je pot\u0159eba v ka\u017ed\u00e9 kancel\u00e1\u0159i zajistit:dostatek denn\u00edho sv\u011btla a osv\u011btlen\u00ed\u00a0 &#8211; a podle jejich intenzity spr\u00e1vn\u011b rozm\u00edstit kancel\u00e1\u0159sk\u00e9 stolykancel\u00e1\u0159skou techniku \u2013 nezbytnou pro plynul\u00fd chod firmy \u2013 po\u010d\u00edta\u010d, tisk\u00e1rnu \u010di skartova\u010dkukancel\u00e1\u0159sk\u00fd n\u00e1bytek\u2013 velikost pracovn\u00ed desky stolu mus\u00ed b\u00fdt dostate\u010dn\u011b prostorn\u00e1 a kvalitn\u00ed \u017eidle by m\u011bla m\u00edt nastavitelnou jak v\u00fd\u0161ku sed\u00e1ku, tak i op\u011brky zad a hlavy \u2013 jenom tak jde p\u0159edej\u00edt zdravotn\u00edm probl\u00e9m\u016fm pracovn\u00edk\u016f\tAby v n\u00ed v\u0161echno m\u011blo svoje m\u00edstoNa co nesm\u00edme zapomenout, je vybavit kancel\u00e1\u0159e praktick\u00fdmi \u00falo\u017en\u00fdmi prostory.Nikdy jich nem\u00e1me dostatek. Sk\u0159\u00edn\u011b, ve kter\u00fdch bude mo\u017en\u00e9 nejen archivovat dokumenty, ale rovn\u011b\u017e p\u0159ehledn\u00e9 uspo\u0159\u00e1dat v\u0161echny firemn\u00ed p\u00edsemnosti. Proto se inspirujte v internetov\u00e9m magaz\u00ednu. Projdete v n\u011bm nab\u00eddkou stovek typ\u016f kancel\u00e1\u0159sk\u00fdch sk\u0159\u00edn\u00ed. Nejr\u016fzn\u011bj\u0161\u00edho proveden\u00ed a zpracov\u00e1n\u00ed.Vybrat vhodn\u00fd n\u00e1bytek do ka\u017ed\u00e9 kancel\u00e1\u0159e je mo\u017en\u00e9 p\u0159\u00edmo na m\u00edru dan\u00e9mu prostoru a pot\u0159eb\u00e1m. Ve stejn\u00e9m barevn\u00e9m proveden\u00ed je mo\u017en\u00e9 vybavit i recepci firmy \u010di kancel\u00e1\u0159sk\u00e9 kuchy\u0148ky. K nim je v nab\u00eddce i \u0161irok\u00e1 paleta dopl\u0148k\u016f.Sou\u010dasn\u00fd trend v za\u0159\u00edzen\u00ed kancel\u00e1\u0159\u00ed je jednoduch\u00fd. V\u00edt\u011bz\u00ed st\u0159\u00eddmost, prakti\u010dnost a \u00fa\u010delnost. Za\u0159\u00edzen\u00ed by m\u011blo b\u00fdt snadno p\u0159izp\u016fsobiteln\u00e9 a variabiln\u00ed \u2013 ide\u00e1ln\u00ed jsou pohybliv\u00e9 sk\u0159\u00ed\u0148ky, police a kontejnery.To se t\u00fdk\u00e1 i barevnosti, kterou pe\u010dliv\u011b vyb\u00edrejte \u2013 m\u011bla by b\u00fdt p\u0159\u00edjemn\u00e1 a nem\u011bla by p\u0159\u00edli\u0161 dr\u00e1\u017edit ani rozptylovat. Vhodn\u00e1 je oran\u017eov\u00e1, \u017elut\u00e1, jasn\u011b modr\u00e1 a zelen\u00e1. Pat\u0159\u00ed k optimistick\u00fdm barv\u00e1m, a pokud je pou\u017eijete na st\u011bn\u00e1ch \u010di n\u00e1bytku, p\u0159i vybaven\u00ed kancel\u00e1\u0159\u00ed, povzbud\u00ed k vy\u0161\u0161\u00edmu v\u00fdkonu a navod\u00ed dobrou n\u00e1ladu. Nejen lidem, kte\u0159\u00ed v n\u00ed pracuj\u00ed, ale i t\u011bm, kte\u0159\u00ed do n\u00ed vstoup\u00ed k jedn\u00e1n\u00ed.                                                                                                                                                                                                                                                                                                                                                                                        4.7\/5 - (4 votes)        "},{"@context":"https:\/\/schema.org\/","@type":"BreadcrumbList","itemListElement":[{"@type":"ListItem","position":1,"name":"\u010c\u00edm vybavit kancel\u00e1\u0159e","item":"https:\/\/www.compresspr.cz\/cim-vybavit-kancelare\/#breadcrumbitem"}]}]