{"@context":"https:\/\/schema.org\/","@type":"CollectionPage","@id":"https:\/\/www.compresspr.cz\/bydleni\/#CollectionPage","headline":"Bydlen\u00ed Category","description":"","url":"https:\/\/www.compresspr.cz\/bydleni\/","hasPart":[{"@type":"Article","@id":"https:\/\/www.compresspr.cz\/konopny-beton\/","headline":"Konopn\u00fd beton","url":"https:\/\/www.compresspr.cz\/konopny-beton\/","datePublished":"2025-03-04","dateModified":"2023-04-28","mainEntityOfPage":"https:\/\/www.compresspr.cz\/konopny-beton\/","author":{"@type":"Person","@id":"https:\/\/www.compresspr.cz\/author\/#Person","name":"compresspr.cz\n","url":"https:\/\/www.compresspr.cz\/author\/","identifier":1,"image":{"@type":"ImageObject","@id":"https:\/\/secure.gravatar.com\/avatar\/a231d13c7dfc9c75f2343f864438f5ab9c0bfebd1aa37dfd3bb16118c04f838c?s=96&d=mm&r=g","url":"https:\/\/secure.gravatar.com\/avatar\/a231d13c7dfc9c75f2343f864438f5ab9c0bfebd1aa37dfd3bb16118c04f838c?s=96&d=mm&r=g","height":96,"width":96}},"publisher":{"@type":"Organization","name":"compresspr.cz","logo":{"@type":"ImageObject","@id":"\/logo.png","url":"\/logo.png","width":600,"height":60}},"image":{"@type":"ImageObject","@id":"https:\/\/www.compresspr.cz\/wp-content\/uploads\/img_a303100_w1780_t1513270084.jpg","url":"https:\/\/www.compresspr.cz\/wp-content\/uploads\/img_a303100_w1780_t1513270084.jpg","height":0,"width":0},"keywords":null},{"@type":"Article","@id":"https:\/\/www.compresspr.cz\/kvetiny-do-kazde-domacnosti\/","headline":"Kv\u011btiny do ka\u017ed\u00e9 dom\u00e1cnosti","url":"https:\/\/www.compresspr.cz\/kvetiny-do-kazde-domacnosti\/","datePublished":"2025-02-28","dateModified":"2023-04-28","mainEntityOfPage":"https:\/\/www.compresspr.cz\/kvetiny-do-kazde-domacnosti\/","author":{"@type":"Person","@id":"https:\/\/www.compresspr.cz\/author\/#Person","name":"compresspr.cz\n","url":"https:\/\/www.compresspr.cz\/author\/","identifier":1,"image":{"@type":"ImageObject","@id":"https:\/\/secure.gravatar.com\/avatar\/a231d13c7dfc9c75f2343f864438f5ab9c0bfebd1aa37dfd3bb16118c04f838c?s=96&d=mm&r=g","url":"https:\/\/secure.gravatar.com\/avatar\/a231d13c7dfc9c75f2343f864438f5ab9c0bfebd1aa37dfd3bb16118c04f838c?s=96&d=mm&r=g","height":96,"width":96}},"publisher":{"@type":"Organization","name":"compresspr.cz","logo":{"@type":"ImageObject","@id":"\/logo.png","url":"\/logo.png","width":600,"height":60}},"image":{"@type":"ImageObject","@id":"https:\/\/www.compresspr.cz\/wp-content\/uploads\/img_a341439_w1780_t1554041652.jpg","url":"https:\/\/www.compresspr.cz\/wp-content\/uploads\/img_a341439_w1780_t1554041652.jpg","height":0,"width":0},"keywords":null},{"@type":"Article","@id":"https:\/\/www.compresspr.cz\/venkovsky-ci-mestsky-dum\/","headline":"Venkovsk\u00fd \u010di m\u011bstsk\u00fd d\u016fm","url":"https:\/\/www.compresspr.cz\/venkovsky-ci-mestsky-dum\/","datePublished":"2023-04-28","dateModified":"2023-04-28","mainEntityOfPage":"https:\/\/www.compresspr.cz\/venkovsky-ci-mestsky-dum\/","author":{"@type":"Person","@id":"https:\/\/www.compresspr.cz\/author\/#Person","name":"compresspr.cz\n","url":"https:\/\/www.compresspr.cz\/author\/","identifier":1,"image":{"@type":"ImageObject","@id":"https:\/\/secure.gravatar.com\/avatar\/a231d13c7dfc9c75f2343f864438f5ab9c0bfebd1aa37dfd3bb16118c04f838c?s=96&d=mm&r=g","url":"https:\/\/secure.gravatar.com\/avatar\/a231d13c7dfc9c75f2343f864438f5ab9c0bfebd1aa37dfd3bb16118c04f838c?s=96&d=mm&r=g","height":96,"width":96}},"publisher":{"@type":"Organization","name":"compresspr.cz","logo":{"@type":"ImageObject","@id":"\/logo.png","url":"\/logo.png","width":600,"height":60}},"image":null,"keywords":null},{"@type":"Article","@id":"https:\/\/www.compresspr.cz\/zarizujeme-pohodlnou-a-praktickou-pracovnu\/","headline":"Za\u0159izujeme pohodlnou a praktickou pracovnu","url":"https:\/\/www.compresspr.cz\/zarizujeme-pohodlnou-a-praktickou-pracovnu\/","datePublished":"2023-04-28","dateModified":"2023-04-28","mainEntityOfPage":"https:\/\/www.compresspr.cz\/zarizujeme-pohodlnou-a-praktickou-pracovnu\/","author":{"@type":"Person","@id":"https:\/\/www.compresspr.cz\/author\/#Person","name":"compresspr.cz\n","url":"https:\/\/www.compresspr.cz\/author\/","identifier":1,"image":{"@type":"ImageObject","@id":"https:\/\/secure.gravatar.com\/avatar\/a231d13c7dfc9c75f2343f864438f5ab9c0bfebd1aa37dfd3bb16118c04f838c?s=96&d=mm&r=g","url":"https:\/\/secure.gravatar.com\/avatar\/a231d13c7dfc9c75f2343f864438f5ab9c0bfebd1aa37dfd3bb16118c04f838c?s=96&d=mm&r=g","height":96,"width":96}},"publisher":{"@type":"Organization","name":"compresspr.cz","logo":{"@type":"ImageObject","@id":"\/logo.png","url":"\/logo.png","width":600,"height":60}},"image":null,"keywords":null},{"@type":"Article","@id":"https:\/\/www.compresspr.cz\/co-musi-obsahovat-najemni-smlouva\/","headline":"Co mus\u00ed obsahovat n\u00e1jemn\u00ed smlouva","url":"https:\/\/www.compresspr.cz\/co-musi-obsahovat-najemni-smlouva\/","datePublished":"2023-04-28","dateModified":"2023-04-28","mainEntityOfPage":"https:\/\/www.compresspr.cz\/co-musi-obsahovat-najemni-smlouva\/","author":{"@type":"Person","@id":"https:\/\/www.compresspr.cz\/author\/#Person","name":"compresspr.cz\n","url":"https:\/\/www.compresspr.cz\/author\/","identifier":1,"image":{"@type":"ImageObject","@id":"https:\/\/secure.gravatar.com\/avatar\/a231d13c7dfc9c75f2343f864438f5ab9c0bfebd1aa37dfd3bb16118c04f838c?s=96&d=mm&r=g","url":"https:\/\/secure.gravatar.com\/avatar\/a231d13c7dfc9c75f2343f864438f5ab9c0bfebd1aa37dfd3bb16118c04f838c?s=96&d=mm&r=g","height":96,"width":96}},"publisher":{"@type":"Organization","name":"compresspr.cz","logo":{"@type":"ImageObject","@id":"\/logo.png","url":"\/logo.png","width":600,"height":60}},"image":null,"keywords":null},{"@type":"Article","@id":"https:\/\/www.compresspr.cz\/kuchynske-organizery\/","headline":"Kuchy\u0148sk\u00e9 organiz\u00e9ry","url":"https:\/\/www.compresspr.cz\/kuchynske-organizery\/","datePublished":"2023-04-28","dateModified":"2023-04-28","mainEntityOfPage":"https:\/\/www.compresspr.cz\/kuchynske-organizery\/","author":{"@type":"Person","@id":"https:\/\/www.compresspr.cz\/author\/#Person","name":"compresspr.cz\n","url":"https:\/\/www.compresspr.cz\/author\/","identifier":1,"image":{"@type":"ImageObject","@id":"https:\/\/secure.gravatar.com\/avatar\/a231d13c7dfc9c75f2343f864438f5ab9c0bfebd1aa37dfd3bb16118c04f838c?s=96&d=mm&r=g","url":"https:\/\/secure.gravatar.com\/avatar\/a231d13c7dfc9c75f2343f864438f5ab9c0bfebd1aa37dfd3bb16118c04f838c?s=96&d=mm&r=g","height":96,"width":96}},"publisher":{"@type":"Organization","name":"compresspr.cz","logo":{"@type":"ImageObject","@id":"\/logo.png","url":"\/logo.png","width":600,"height":60}},"image":null,"keywords":null},{"@type":"Article","@id":"https:\/\/www.compresspr.cz\/delici-steny-jsou-prakticke-i-designove\/","headline":"D\u011blic\u00ed st\u011bny jsou praktick\u00e9 i designov\u00e9","url":"https:\/\/www.compresspr.cz\/delici-steny-jsou-prakticke-i-designove\/","datePublished":"2023-04-28","dateModified":"2023-04-28","mainEntityOfPage":"https:\/\/www.compresspr.cz\/delici-steny-jsou-prakticke-i-designove\/","author":{"@type":"Person","@id":"https:\/\/www.compresspr.cz\/author\/#Person","name":"compresspr.cz\n","url":"https:\/\/www.compresspr.cz\/author\/","identifier":1,"image":{"@type":"ImageObject","@id":"https:\/\/secure.gravatar.com\/avatar\/a231d13c7dfc9c75f2343f864438f5ab9c0bfebd1aa37dfd3bb16118c04f838c?s=96&d=mm&r=g","url":"https:\/\/secure.gravatar.com\/avatar\/a231d13c7dfc9c75f2343f864438f5ab9c0bfebd1aa37dfd3bb16118c04f838c?s=96&d=mm&r=g","height":96,"width":96}},"publisher":{"@type":"Organization","name":"compresspr.cz","logo":{"@type":"ImageObject","@id":"\/logo.png","url":"\/logo.png","width":600,"height":60}},"image":null,"keywords":null},{"@type":"Article","@id":"https:\/\/www.compresspr.cz\/drevena-prkna-jsou-ta-nejlepsi-povrchova-krytina\/","headline":"D\u0159ev\u011bn\u00e1 prkna jsou ta nejlep\u0161\u00ed povrchov\u00e1 krytina","url":"https:\/\/www.compresspr.cz\/drevena-prkna-jsou-ta-nejlepsi-povrchova-krytina\/","datePublished":"2019-10-11","dateModified":"2023-04-28","mainEntityOfPage":"https:\/\/www.compresspr.cz\/drevena-prkna-jsou-ta-nejlepsi-povrchova-krytina\/","author":{"@type":"Person","@id":"https:\/\/www.compresspr.cz\/author\/#Person","name":"compresspr.cz\n","url":"https:\/\/www.compresspr.cz\/author\/","identifier":1,"image":{"@type":"ImageObject","@id":"https:\/\/secure.gravatar.com\/avatar\/a231d13c7dfc9c75f2343f864438f5ab9c0bfebd1aa37dfd3bb16118c04f838c?s=96&d=mm&r=g","url":"https:\/\/secure.gravatar.com\/avatar\/a231d13c7dfc9c75f2343f864438f5ab9c0bfebd1aa37dfd3bb16118c04f838c?s=96&d=mm&r=g","height":96,"width":96}},"publisher":{"@type":"Organization","name":"compresspr.cz","logo":{"@type":"ImageObject","@id":"\/logo.png","url":"\/logo.png","width":600,"height":60}},"image":{"@type":"ImageObject","@id":"https:\/\/www.compresspr.cz\/wp-content\/uploads\/img_a361472_w1780_t1574671247.jpg","url":"https:\/\/www.compresspr.cz\/wp-content\/uploads\/img_a361472_w1780_t1574671247.jpg","height":0,"width":0},"keywords":null},{"@type":"Article","@id":"https:\/\/www.compresspr.cz\/v-nove-posteli-z-masivu-je-radost-usnout\/","headline":"V nov\u00e9 posteli z masivu je radost usnout","url":"https:\/\/www.compresspr.cz\/v-nove-posteli-z-masivu-je-radost-usnout\/","datePublished":"2019-08-06","dateModified":"2023-05-22","mainEntityOfPage":"https:\/\/www.compresspr.cz\/v-nove-posteli-z-masivu-je-radost-usnout\/","author":{"@type":"Person","@id":"https:\/\/www.compresspr.cz\/author\/#Person","name":"compresspr.cz\n","url":"https:\/\/www.compresspr.cz\/author\/","identifier":1,"image":{"@type":"ImageObject","@id":"https:\/\/secure.gravatar.com\/avatar\/a231d13c7dfc9c75f2343f864438f5ab9c0bfebd1aa37dfd3bb16118c04f838c?s=96&d=mm&r=g","url":"https:\/\/secure.gravatar.com\/avatar\/a231d13c7dfc9c75f2343f864438f5ab9c0bfebd1aa37dfd3bb16118c04f838c?s=96&d=mm&r=g","height":96,"width":96}},"publisher":{"@type":"Organization","name":"compresspr.cz","logo":{"@type":"ImageObject","@id":"\/logo.png","url":"\/logo.png","width":600,"height":60}},"image":{"@type":"ImageObject","@id":"https:\/\/www.compresspr.cz\/wp-content\/uploads\/img_a358562_w1780_t1572942841.jpg","url":"https:\/\/www.compresspr.cz\/wp-content\/uploads\/img_a358562_w1780_t1572942841.jpg","height":0,"width":0},"keywords":null},{"@type":"Article","@id":"https:\/\/www.compresspr.cz\/obyvaci-pokoj-dava-prostor-pro-kreativni-usporadani\/","headline":"Ob\u00fdvac\u00ed pokoj d\u00e1v\u00e1 prostor pro kreativn\u00ed uspo\u0159\u00e1d\u00e1n\u00ed","url":"https:\/\/www.compresspr.cz\/obyvaci-pokoj-dava-prostor-pro-kreativni-usporadani\/","datePublished":"2019-08-03","dateModified":"2023-04-28","mainEntityOfPage":"https:\/\/www.compresspr.cz\/obyvaci-pokoj-dava-prostor-pro-kreativni-usporadani\/","author":{"@type":"Person","@id":"https:\/\/www.compresspr.cz\/author\/#Person","name":"compresspr.cz\n","url":"https:\/\/www.compresspr.cz\/author\/","identifier":1,"image":{"@type":"ImageObject","@id":"https:\/\/secure.gravatar.com\/avatar\/a231d13c7dfc9c75f2343f864438f5ab9c0bfebd1aa37dfd3bb16118c04f838c?s=96&d=mm&r=g","url":"https:\/\/secure.gravatar.com\/avatar\/a231d13c7dfc9c75f2343f864438f5ab9c0bfebd1aa37dfd3bb16118c04f838c?s=96&d=mm&r=g","height":96,"width":96}},"publisher":{"@type":"Organization","name":"compresspr.cz","logo":{"@type":"ImageObject","@id":"\/logo.png","url":"\/logo.png","width":600,"height":60}},"image":{"@type":"ImageObject","@id":"https:\/\/www.compresspr.cz\/wp-content\/uploads\/img_a358490_w1780_t1572859582.jpg","url":"https:\/\/www.compresspr.cz\/wp-content\/uploads\/img_a358490_w1780_t1572859582.jpg","height":0,"width":0},"keywords":null}]}